{"id":6888,"date":"2023-10-05T15:22:51","date_gmt":"2023-10-05T18:22:51","guid":{"rendered":"https:\/\/www.montale.com.br\/?p=6888"},"modified":"2023-10-05T15:22:51","modified_gmt":"2023-10-05T18:22:51","slug":"atleta-italiana-stefania-constantini-visitara-a-montale","status":"publish","type":"post","link":"https:\/\/www.montale.com.br\/pt\/atleta-italiana-stefania-constantini-visitara-a-montale\/","title":{"rendered":"ATLETA ITALIANA, STEFANIA CONSTANTINI, VISITAR\u00c1 A MONTALE"},"content":{"rendered":"<p>A campe\u00e3 ol\u00edmpica de duplas mistas no Curling, Stefania Constantini, tem um encontro marcado na Scuola Internacional Italiana Eugenio Montale!<\/p>\n<p>Atividades com o floor curling, jogos interativos com os alunos, apresenta\u00e7\u00e3o sobre a modalidade curling e sobre a Arena Ice Brasil e a CBDG acontecer\u00e3o neste dia.<\/p>\n<p>Junto com a campe\u00e3 Ol\u00edmpica, o instrutor Darrell Ell, que possui 25 anos de experi\u00eancia em eventos da World Curling Federation, ir\u00e1 participar da visita \u00e0 escola. A presen\u00e7a da competidora da It\u00e1lia foi confirmada pela Confedera\u00e7\u00e3o Brasileira de Desportos no Gelo (CBDG) e Federa\u00e7\u00e3o Mundial de Curling (WCF).<\/p>\n<p>Um pouco sobre Stefania:<\/p>\n<p>Objetivo esportivo: Atleta ol\u00edmpico. Assim escreveu Stefania Constantini, medalhista de ouro em curling nos Jogos de Pequim junto com Amos Mosaner. Era 2013, Constantini estava frequentando a escola de contabilidade e tinha acabado de se dedicar ao esporte, que ainda conta com apenas 400 membros. Sua treinadora, Michele Gusella, perguntou-lhe quais eram suas expectativas em rela\u00e7\u00e3o ao novo esporte e ela respondeu que gostaria de participar das Olimp\u00edadas. Gusella ficou com o jornal e agora, ap\u00f3s a vit\u00f3ria de Constantini, mostrou-o ao Il Gazzettino (um jornal italiano).<\/p>\n","protected":false},"excerpt":{"rendered":"<p>Neste s\u00e1bado, 24 de junho, foi um dia de muita festan\u00e7a!<br \/>\nPais, alunos e comunidade se reuniram para celebrar as tradi\u00e7\u00f5es juninas.<\/p>\n","protected":false},"author":3,"featured_media":6889,"comment_status":"open","ping_status":"open","sticky":false,"template":"","format":"standard","meta":{"footnotes":""},"categories":[1],"tags":[],"class_list":["post-6888","post","type-post","status-publish","format-standard","has-post-thumbnail","hentry","category-noticias"],"_links":{"self":[{"href":"https:\/\/www.montale.com.br\/pt\/wp-json\/wp\/v2\/posts\/6888","targetHints":{"allow":["GET"]}}],"collection":[{"href":"https:\/\/www.montale.com.br\/pt\/wp-json\/wp\/v2\/posts"}],"about":[{"href":"https:\/\/www.montale.com.br\/pt\/wp-json\/wp\/v2\/types\/post"}],"author":[{"embeddable":true,"href":"https:\/\/www.montale.com.br\/pt\/wp-json\/wp\/v2\/users\/3"}],"replies":[{"embeddable":true,"href":"https:\/\/www.montale.com.br\/pt\/wp-json\/wp\/v2\/comments?post=6888"}],"version-history":[{"count":1,"href":"https:\/\/www.montale.com.br\/pt\/wp-json\/wp\/v2\/posts\/6888\/revisions"}],"predecessor-version":[{"id":6890,"href":"https:\/\/www.montale.com.br\/pt\/wp-json\/wp\/v2\/posts\/6888\/revisions\/6890"}],"wp:featuredmedia":[{"embeddable":true,"href":"https:\/\/www.montale.com.br\/pt\/wp-json\/wp\/v2\/media\/6889"}],"wp:attachment":[{"href":"https:\/\/www.montale.com.br\/pt\/wp-json\/wp\/v2\/media?parent=6888"}],"wp:term":[{"taxonomy":"category","embeddable":true,"href":"https:\/\/www.montale.com.br\/pt\/wp-json\/wp\/v2\/categories?post=6888"},{"taxonomy":"post_tag","embeddable":true,"href":"https:\/\/www.montale.com.br\/pt\/wp-json\/wp\/v2\/tags?post=6888"}],"curies":[{"name":"wp","href":"https:\/\/api.w.org\/{rel}","templated":true}]}}