{"id":6874,"date":"2023-10-05T15:19:33","date_gmt":"2023-10-05T18:19:33","guid":{"rendered":"https:\/\/www.montale.com.br\/?p=6874"},"modified":"2023-10-05T15:21:49","modified_gmt":"2023-10-05T18:21:49","slug":"scuola-eugenio-montale-esteve-presente-na-festa-della-repubblica-italiana","status":"publish","type":"post","link":"https:\/\/www.montale.com.br\/pt\/scuola-eugenio-montale-esteve-presente-na-festa-della-repubblica-italiana\/","title":{"rendered":"SCUOLA EUGENIO MONTALE ESTEVE PRESENTE NA \u201cFESTA DELLA REPUBBLICA ITALIANA\u201d"},"content":{"rendered":"\t\t<div data-elementor-type=\"wp-post\" data-elementor-id=\"6874\" class=\"elementor elementor-6874\" data-elementor-post-type=\"post\">\n\t\t\t\t\t\t\t        <section class=\"elementor-section elementor-top-section elementor-element elementor-element-54849ecf elementor-section-boxed elementor-section-height-default elementor-section-height-default ct-header-fixed-none ct-row-max-none\" data-id=\"54849ecf\" data-element_type=\"section\">\n            \n                        <div class=\"elementor-container elementor-column-gap-default \">\n                    <div class=\"elementor-column elementor-col-100 elementor-top-column elementor-element elementor-element-6225634f\" data-id=\"6225634f\" data-element_type=\"column\">\n            <div class=\"elementor-widget-wrap elementor-element-populated\">\n                        \t\t<div class=\"elementor-element elementor-element-4f358d88 elementor-widget elementor-widget-text-editor\" data-id=\"4f358d88\" data-element_type=\"widget\" data-widget_type=\"text-editor.default\">\n\t\t\t\t<div class=\"elementor-widget-container\">\n\t\t\t<style>\/*! elementor - v3.18.0 - 04-12-2023 *\/\n.elementor-widget-text-editor.elementor-drop-cap-view-stacked .elementor-drop-cap{background-color:#69727d;color:#fff}.elementor-widget-text-editor.elementor-drop-cap-view-framed .elementor-drop-cap{color:#69727d;border:3px solid;background-color:transparent}.elementor-widget-text-editor:not(.elementor-drop-cap-view-default) .elementor-drop-cap{margin-top:8px}.elementor-widget-text-editor:not(.elementor-drop-cap-view-default) .elementor-drop-cap-letter{width:1em;height:1em}.elementor-widget-text-editor .elementor-drop-cap{float:left;text-align:center;line-height:1;font-size:50px}.elementor-widget-text-editor .elementor-drop-cap-letter{display:inline-block}<\/style>\t\t\t\t<article id=\"post-7220\" class=\"post-7220 post type-post status-publish format-standard has-post-thumbnail hentry category-noticias tag-associazione-italia-per-san-paolo tag-cultura-italiana tag-curso-de-italiano tag-estudar-italiano\"><div class=\"entry-content ztl-single\"><p>No dia 2 de junho, \u201cFesta della Repubblica Italiana\u201d, a Eugenio Montale esteve presente com sua equipe.<br \/>Da presidente Sandra Papaiz Velasco, \u00e0s diretoras Paola Capraro, Vanessa Squassoni, Neide Oliveira e Rita Oliveira e professoras Adriana Grasso e Donatella D\u2019Amico, todas comemoraram a data e divulgaram a Escola no Espa\u00e7o dedicado ao Sistema Italia. A linda sala contava com outras Institui\u00e7\u00f5es como ITA, SACE, C\u00e2mara Italiana de Com\u00e9rcio, ENIT, Istituto Italiano di Cultura e Ufficio Scolatico.<\/p><p>Na data se festeja a Republica que foi implantada na It\u00e1lia ap\u00f3s um referendo, realizado em 1946 , no qual a popula\u00e7\u00e3o foi chamada a escolher entre Monarquia e Republica. Nos lindos festejos deste ano o C\u00f4nsul Geral, Domenico Fornara, e a Vic\u00ea C\u00f4nsul, Livia Satullo, tiveram a honra de receber o Governador Rodrigo Garcia, tamb\u00e9m de origem italiana, bem como representante da Prefeitura de S\u00e3o Paulo.<\/p><p>Muitos participaram como o presidente e conselheiros do Comites, Mayer, Arcari e Patriarca. Presentes representantes do Circolo Italiano, ICIB, Convita, Instituto Bo Bardi, e Associa\u00e7\u00e3o Italia per San Paolo, patrocinadora.<\/p><p>\u201cUna bellissima serata\u201d, regada a vinhos, produtos deliciosos da culin\u00e1ria italiana e muita musica, como n\u00e3o poderia deixar de ser entre italianos, \u00edtalo-brasileiros e brasileiros amantes da It\u00e1lia!<br \/>Viva l\u2019 Italia, Viva la Repubblica!<\/p><\/div><\/article><nav class=\"navigation post-navigation\"><\/nav>\t\t\t\t\t\t<\/div>\n\t\t\t\t<\/div>\n\t\t\t\t<div class=\"elementor-element elementor-element-e9fd71c elementor-pagination-position-outside elementor-widget elementor-widget-image-carousel\" data-id=\"e9fd71c\" data-element_type=\"widget\" data-settings=\"{&quot;slides_to_show&quot;:&quot;1&quot;,&quot;navigation&quot;:&quot;dots&quot;,&quot;autoplay&quot;:&quot;yes&quot;,&quot;pause_on_hover&quot;:&quot;yes&quot;,&quot;pause_on_interaction&quot;:&quot;yes&quot;,&quot;autoplay_speed&quot;:5000,&quot;infinite&quot;:&quot;yes&quot;,&quot;effect&quot;:&quot;slide&quot;,&quot;speed&quot;:500}\" data-widget_type=\"image-carousel.default\">\n\t\t\t\t<div class=\"elementor-widget-container\">\n\t\t\t<style>\/*! elementor - v3.18.0 - 04-12-2023 *\/\n.elementor-widget-image-carousel .swiper,.elementor-widget-image-carousel .swiper-container{position:static}.elementor-widget-image-carousel .swiper-container .swiper-slide figure,.elementor-widget-image-carousel .swiper .swiper-slide figure{line-height:inherit}.elementor-widget-image-carousel .swiper-slide{text-align:center}.elementor-image-carousel-wrapper:not(.swiper-container-initialized):not(.swiper-initialized) .swiper-slide{max-width:calc(100% \/ var(--e-image-carousel-slides-to-show, 3))}<\/style>\t\t<div class=\"elementor-image-carousel-wrapper swiper\" dir=\"ltr\">\n\t\t\t<div class=\"elementor-image-carousel swiper-wrapper\" aria-live=\"off\">\n\t\t\t\t\t\t\t\t<div class=\"swiper-slide\" role=\"group\" aria-roledescription=\"slide\" aria-label=\"1 of 7\"><a data-elementor-open-lightbox=\"yes\" data-elementor-lightbox-slideshow=\"e9fd71c\" data-elementor-lightbox-title=\"286914198_7636645063043640_5536623799142697036_n\" data-e-action-hash=\"#elementor-action%3Aaction%3Dlightbox%26settings%3DeyJpZCI6Njg3OCwidXJsIjoiaHR0cHM6XC9cL3d3dy5tb250YWxlLmNvbS5iclwvd3AtY29udGVudFwvdXBsb2Fkc1wvMjAyM1wvMTBcLzI4NjkxNDE5OF83NjM2NjQ1MDYzMDQzNjQwXzU1MzY2MjM3OTkxNDI2OTcwMzZfbi5wbmciLCJzbGlkZXNob3ciOiJlOWZkNzFjIn0%3D\" href=\"https:\/\/www.montale.com.br\/wp-content\/uploads\/2023\/10\/286914198_7636645063043640_5536623799142697036_n.png\"><figure class=\"swiper-slide-inner\"><img decoding=\"async\" class=\"swiper-slide-image\" src=\"https:\/\/www.montale.com.br\/wp-content\/uploads\/2023\/10\/286914198_7636645063043640_5536623799142697036_n-600x600.png\" alt=\"286914198_7636645063043640_5536623799142697036_n\" \/><\/figure><\/a><\/div><div class=\"swiper-slide\" role=\"group\" aria-roledescription=\"slide\" aria-label=\"2 of 7\"><a data-elementor-open-lightbox=\"yes\" data-elementor-lightbox-slideshow=\"e9fd71c\" data-elementor-lightbox-title=\"287017498_7636645319710281_9023379366823089619_n-1024x1024\" data-e-action-hash=\"#elementor-action%3Aaction%3Dlightbox%26settings%3DeyJpZCI6Njg3OSwidXJsIjoiaHR0cHM6XC9cL3d3dy5tb250YWxlLmNvbS5iclwvd3AtY29udGVudFwvdXBsb2Fkc1wvMjAyM1wvMTBcLzI4NzAxNzQ5OF83NjM2NjQ1MzE5NzEwMjgxXzkwMjMzNzkzNjY4MjMwODk2MTlfbi0xMDI0eDEwMjQtMS5qcGciLCJzbGlkZXNob3ciOiJlOWZkNzFjIn0%3D\" href=\"https:\/\/www.montale.com.br\/wp-content\/uploads\/2023\/10\/287017498_7636645319710281_9023379366823089619_n-1024x1024-1.jpg\"><figure class=\"swiper-slide-inner\"><img decoding=\"async\" class=\"swiper-slide-image\" src=\"https:\/\/www.montale.com.br\/wp-content\/uploads\/2023\/10\/287017498_7636645319710281_9023379366823089619_n-1024x1024-1-600x600.jpg\" alt=\"287017498_7636645319710281_9023379366823089619_n-1024x1024\" \/><\/figure><\/a><\/div><div class=\"swiper-slide\" role=\"group\" aria-roledescription=\"slide\" aria-label=\"3 of 7\"><a data-elementor-open-lightbox=\"yes\" data-elementor-lightbox-slideshow=\"e9fd71c\" data-elementor-lightbox-title=\"287115491_7636645039710309_4379774804305722156_n\" data-e-action-hash=\"#elementor-action%3Aaction%3Dlightbox%26settings%3DeyJpZCI6Njg4MCwidXJsIjoiaHR0cHM6XC9cL3d3dy5tb250YWxlLmNvbS5iclwvd3AtY29udGVudFwvdXBsb2Fkc1wvMjAyM1wvMTBcLzI4NzExNTQ5MV83NjM2NjQ1MDM5NzEwMzA5XzQzNzk3NzQ4MDQzMDU3MjIxNTZfbi5wbmciLCJzbGlkZXNob3ciOiJlOWZkNzFjIn0%3D\" href=\"https:\/\/www.montale.com.br\/wp-content\/uploads\/2023\/10\/287115491_7636645039710309_4379774804305722156_n.png\"><figure class=\"swiper-slide-inner\"><img decoding=\"async\" class=\"swiper-slide-image\" src=\"https:\/\/www.montale.com.br\/wp-content\/uploads\/2023\/10\/287115491_7636645039710309_4379774804305722156_n-600x600.png\" alt=\"287115491_7636645039710309_4379774804305722156_n\" \/><\/figure><\/a><\/div><div class=\"swiper-slide\" role=\"group\" aria-roledescription=\"slide\" aria-label=\"4 of 7\"><a data-elementor-open-lightbox=\"yes\" data-elementor-lightbox-slideshow=\"e9fd71c\" data-elementor-lightbox-title=\"287154274_7636645113043635_4499380469455702863_n-1024x1024\" data-e-action-hash=\"#elementor-action%3Aaction%3Dlightbox%26settings%3DeyJpZCI6Njg4MSwidXJsIjoiaHR0cHM6XC9cL3d3dy5tb250YWxlLmNvbS5iclwvd3AtY29udGVudFwvdXBsb2Fkc1wvMjAyM1wvMTBcLzI4NzE1NDI3NF83NjM2NjQ1MTEzMDQzNjM1XzQ0OTkzODA0Njk0NTU3MDI4NjNfbi0xMDI0eDEwMjQtMS5qcGciLCJzbGlkZXNob3ciOiJlOWZkNzFjIn0%3D\" href=\"https:\/\/www.montale.com.br\/wp-content\/uploads\/2023\/10\/287154274_7636645113043635_4499380469455702863_n-1024x1024-1.jpg\"><figure class=\"swiper-slide-inner\"><img decoding=\"async\" class=\"swiper-slide-image\" src=\"https:\/\/www.montale.com.br\/wp-content\/uploads\/2023\/10\/287154274_7636645113043635_4499380469455702863_n-1024x1024-1-600x600.jpg\" alt=\"287154274_7636645113043635_4499380469455702863_n-1024x1024\" \/><\/figure><\/a><\/div><div class=\"swiper-slide\" role=\"group\" aria-roledescription=\"slide\" aria-label=\"5 of 7\"><a data-elementor-open-lightbox=\"yes\" data-elementor-lightbox-slideshow=\"e9fd71c\" data-elementor-lightbox-title=\"287164304_7636645403043606_588099075275294942_n-1024x1024\" data-e-action-hash=\"#elementor-action%3Aaction%3Dlightbox%26settings%3DeyJpZCI6Njg4MiwidXJsIjoiaHR0cHM6XC9cL3d3dy5tb250YWxlLmNvbS5iclwvd3AtY29udGVudFwvdXBsb2Fkc1wvMjAyM1wvMTBcLzI4NzE2NDMwNF83NjM2NjQ1NDAzMDQzNjA2XzU4ODA5OTA3NTI3NTI5NDk0Ml9uLTEwMjR4MTAyNC0xLmpwZyIsInNsaWRlc2hvdyI6ImU5ZmQ3MWMifQ%3D%3D\" href=\"https:\/\/www.montale.com.br\/wp-content\/uploads\/2023\/10\/287164304_7636645403043606_588099075275294942_n-1024x1024-1.jpg\"><figure class=\"swiper-slide-inner\"><img decoding=\"async\" class=\"swiper-slide-image\" src=\"https:\/\/www.montale.com.br\/wp-content\/uploads\/2023\/10\/287164304_7636645403043606_588099075275294942_n-1024x1024-1-600x600.jpg\" alt=\"287164304_7636645403043606_588099075275294942_n-1024x1024\" \/><\/figure><\/a><\/div><div class=\"swiper-slide\" role=\"group\" aria-roledescription=\"slide\" aria-label=\"6 of 7\"><a data-elementor-open-lightbox=\"yes\" data-elementor-lightbox-slideshow=\"e9fd71c\" data-elementor-lightbox-title=\"SCUOLA EUGENIO MONTALE ESTEVE PRESENTE NA \u201cFESTA DELLA REPUBBLICA ITALIANA\u201d\" data-e-action-hash=\"#elementor-action%3Aaction%3Dlightbox%26settings%3DeyJpZCI6Njg4MywidXJsIjoiaHR0cHM6XC9cL3d3dy5tb250YWxlLmNvbS5iclwvd3AtY29udGVudFwvdXBsb2Fkc1wvMjAyM1wvMTBcL1NDVU9MQS1FVUdFTklPLU1PTlRBTEUtRVNURVZFLVBSRVNFTlRFLU5BLUZFU1RBLURFTExBLVJFUFVCQkxJQ0EtSVRBTElBTkEtMS5qcGciLCJzbGlkZXNob3ciOiJlOWZkNzFjIn0%3D\" href=\"https:\/\/www.montale.com.br\/wp-content\/uploads\/2023\/10\/SCUOLA-EUGENIO-MONTALE-ESTEVE-PRESENTE-NA-FESTA-DELLA-REPUBBLICA-ITALIANA-1.jpg\"><figure class=\"swiper-slide-inner\"><img decoding=\"async\" class=\"swiper-slide-image\" src=\"https:\/\/www.montale.com.br\/wp-content\/uploads\/2023\/10\/SCUOLA-EUGENIO-MONTALE-ESTEVE-PRESENTE-NA-FESTA-DELLA-REPUBBLICA-ITALIANA-1-600x600.jpg\" alt=\"SCUOLA EUGENIO MONTALE ESTEVE PRESENTE NA \u201cFESTA DELLA REPUBBLICA ITALIANA\u201d\" \/><\/figure><\/a><\/div><div class=\"swiper-slide\" role=\"group\" aria-roledescription=\"slide\" aria-label=\"7 of 7\"><a data-elementor-open-lightbox=\"yes\" data-elementor-lightbox-slideshow=\"e9fd71c\" data-elementor-lightbox-title=\"286979029_7636645129710300_1122188798855570702_n-1024x1024\" data-e-action-hash=\"#elementor-action%3Aaction%3Dlightbox%26settings%3DeyJpZCI6Njg4NCwidXJsIjoiaHR0cHM6XC9cL3d3dy5tb250YWxlLmNvbS5iclwvd3AtY29udGVudFwvdXBsb2Fkc1wvMjAyM1wvMTBcLzI4Njk3OTAyOV83NjM2NjQ1MTI5NzEwMzAwXzExMjIxODg3OTg4NTU1NzA3MDJfbi0xMDI0eDEwMjQtMS5qcGciLCJzbGlkZXNob3ciOiJlOWZkNzFjIn0%3D\" href=\"https:\/\/www.montale.com.br\/wp-content\/uploads\/2023\/10\/286979029_7636645129710300_1122188798855570702_n-1024x1024-1.jpg\"><figure class=\"swiper-slide-inner\"><img decoding=\"async\" class=\"swiper-slide-image\" src=\"https:\/\/www.montale.com.br\/wp-content\/uploads\/2023\/10\/286979029_7636645129710300_1122188798855570702_n-1024x1024-1-600x600.jpg\" alt=\"286979029_7636645129710300_1122188798855570702_n-1024x1024\" \/><\/figure><\/a><\/div>\t\t\t<\/div>\n\t\t\t\t\t\t\t\n\t\t\t\t\t\t\t\t\t<div class=\"swiper-pagination\"><\/div>\n\t\t\t\t\t\t\t\t\t<\/div>\n\t\t\t\t<\/div>\n\t\t\t\t<\/div>\n\t\t            <\/div>\n        <\/div>\n                            <\/div>\n        <\/section>\n        \t\t\t\t\t<\/div>\n\t\t","protected":false},"excerpt":{"rendered":"<p>Neste s\u00e1bado, 24 de junho, foi um dia de muita festan\u00e7a!<br \/>\nPais, alunos e comunidade se reuniram para celebrar as tradi\u00e7\u00f5es juninas.<\/p>\n","protected":false},"author":3,"featured_media":6875,"comment_status":"open","ping_status":"open","sticky":false,"template":"","format":"standard","meta":{"footnotes":""},"categories":[1],"tags":[],"class_list":["post-6874","post","type-post","status-publish","format-standard","has-post-thumbnail","hentry","category-noticias"],"_links":{"self":[{"href":"https:\/\/www.montale.com.br\/pt\/wp-json\/wp\/v2\/posts\/6874","targetHints":{"allow":["GET"]}}],"collection":[{"href":"https:\/\/www.montale.com.br\/pt\/wp-json\/wp\/v2\/posts"}],"about":[{"href":"https:\/\/www.montale.com.br\/pt\/wp-json\/wp\/v2\/types\/post"}],"author":[{"embeddable":true,"href":"https:\/\/www.montale.com.br\/pt\/wp-json\/wp\/v2\/users\/3"}],"replies":[{"embeddable":true,"href":"https:\/\/www.montale.com.br\/pt\/wp-json\/wp\/v2\/comments?post=6874"}],"version-history":[{"count":4,"href":"https:\/\/www.montale.com.br\/pt\/wp-json\/wp\/v2\/posts\/6874\/revisions"}],"predecessor-version":[{"id":6887,"href":"https:\/\/www.montale.com.br\/pt\/wp-json\/wp\/v2\/posts\/6874\/revisions\/6887"}],"wp:featuredmedia":[{"embeddable":true,"href":"https:\/\/www.montale.com.br\/pt\/wp-json\/wp\/v2\/media\/6875"}],"wp:attachment":[{"href":"https:\/\/www.montale.com.br\/pt\/wp-json\/wp\/v2\/media?parent=6874"}],"wp:term":[{"taxonomy":"category","embeddable":true,"href":"https:\/\/www.montale.com.br\/pt\/wp-json\/wp\/v2\/categories?post=6874"},{"taxonomy":"post_tag","embeddable":true,"href":"https:\/\/www.montale.com.br\/pt\/wp-json\/wp\/v2\/tags?post=6874"}],"curies":[{"name":"wp","href":"https:\/\/api.w.org\/{rel}","templated":true}]}}