{"id":6852,"date":"2023-10-05T14:52:48","date_gmt":"2023-10-05T17:52:48","guid":{"rendered":"https:\/\/www.montale.com.br\/?p=6852"},"modified":"2023-10-05T14:52:48","modified_gmt":"2023-10-05T17:52:48","slug":"o-embaixador-da-italia-no-brasil-francesco-azzarello-recebe-homenagem-dos-alunos-da-montale","status":"publish","type":"post","link":"https:\/\/www.montale.com.br\/pt\/o-embaixador-da-italia-no-brasil-francesco-azzarello-recebe-homenagem-dos-alunos-da-montale\/","title":{"rendered":"O EMBAIXADOR DA IT\u00c1LIA NO BRASIL, FRANCESCO AZZARELLO, RECEBE HOMENAGEM DOS ALUNOS DA MONTALE"},"content":{"rendered":"<article id=\"post-7220\" class=\"post-7220 post type-post status-publish format-standard has-post-thumbnail hentry category-noticias tag-associazione-italia-per-san-paolo tag-cultura-italiana tag-curso-de-italiano tag-estudar-italiano\">\n<div class=\"entry-content ztl-single\">\n<p>O\u00a0<strong>Embaixador da It\u00e1lia no Brasil, Francesco Azzarello<\/strong>, o\u00a0<strong>C\u00f4nsul Geral da It\u00e1lia em S\u00e3o Paulo, Domenico Fornara<\/strong>, a C\u00f4nsul-Adjunta, Livia Satullo e a Dirigente Escolar, Monica Faggionato,\u00a0<strong>foram recebidos pelos alunos<\/strong>, Presidente do Comit\u00ea de Gest\u00e3o, Sandra Papaiz Velasco e Benem\u00e9ritos, entre eles, Giuseppe d\u2019Anna, Presidente\u00a0<a href=\"http:\/\/portal.institutobardi.org\/\">Instituto Lina Bo e Pietro Maria Bardi<\/a>\u00a0e Presidente Benem\u00e9rito da\u00a0<em>Scuola<\/em>\u00a0Internacional Italiana Eugenio Montale, Marzio Arcari, Presidente do\u00a0<a href=\"https:\/\/www.icib.org.br\/\">Instituto Cultural \u00cdtalo-brasileiro<\/a>, Alberto Mayer, Presidente do<a href=\"https:\/\/comites.org.br\/\">\u00a0Comites<\/a>, Michele Gialdroni, Presidente do\u00a0<a href=\"https:\/\/iicsanpaolo.esteri.it\/iic_sanpaolo\/it\/\"><em>Istituto Italiano di Cultura<\/em><\/a>, Giuseppe Bezzi, Diretor do\u00a0<a href=\"https:\/\/www.circoloitaliano.com.br\/\"><em>Circolo Italiano di San Paolo<\/em><\/a>, Silvana Bauducco, M\u00e1rio Batista, Diretor da\u00a0<a href=\"https:\/\/www.pirelli.com\/tyres\/pt-br\/carro\/homepage\">Pirelli<\/a>\u00a0e Vice-presidente da<a href=\"https:\/\/italcam.com.br\/\">\u00a0C\u00e2mara de Com\u00e9rcio \u00cdtalo-brasileira de S\u00e3o Paulo<\/a>, Ricardo Mello Franco, Conselheiro fiscal do\u00a0<a href=\"https:\/\/www.convita.org.br\/\">Patronato Assistencial dos Imigrantes Italianos<\/a>, Membros Comit\u00ea de Gest\u00e3o: Christiane Caslavsky, Victor Megido, Ricardo Silveira e Lanfranco Troncone, s\u00f3cios contribuintes, fam\u00edlias, diretores e demais colaboradores da institui\u00e7\u00e3o.<\/p>\n<p><img fetchpriority=\"high\" decoding=\"async\" class=\"aligncenter wp-image-6853 size-full\" src=\"https:\/\/www.montale.com.br\/wp-content\/uploads\/2023\/10\/O-EMBAIXADOR-DA-ITALIA-NO-BRASIL-FRANCESCO-AZZARELLO-RECEBE-HOMENAGEM-DOS-ALUNOS-DA-MONTALE-2.jpg\" alt=\"\" width=\"768\" height=\"511\" srcset=\"https:\/\/www.montale.com.br\/wp-content\/uploads\/2023\/10\/O-EMBAIXADOR-DA-ITALIA-NO-BRASIL-FRANCESCO-AZZARELLO-RECEBE-HOMENAGEM-DOS-ALUNOS-DA-MONTALE-2.jpg 768w, https:\/\/www.montale.com.br\/wp-content\/uploads\/2023\/10\/O-EMBAIXADOR-DA-ITALIA-NO-BRASIL-FRANCESCO-AZZARELLO-RECEBE-HOMENAGEM-DOS-ALUNOS-DA-MONTALE-2-300x200.jpg 300w, https:\/\/www.montale.com.br\/wp-content\/uploads\/2023\/10\/O-EMBAIXADOR-DA-ITALIA-NO-BRASIL-FRANCESCO-AZZARELLO-RECEBE-HOMENAGEM-DOS-ALUNOS-DA-MONTALE-2-18x12.jpg 18w, https:\/\/www.montale.com.br\/wp-content\/uploads\/2023\/10\/O-EMBAIXADOR-DA-ITALIA-NO-BRASIL-FRANCESCO-AZZARELLO-RECEBE-HOMENAGEM-DOS-ALUNOS-DA-MONTALE-2-600x399.jpg 600w\" sizes=\"(max-width: 768px) 100vw, 768px\" \/><\/p>\n<p style=\"text-align: center;\">Foto: Renato Pizzutto<\/p>\n<p><strong>Os alunos<\/strong>\u00a0da<em>\u00a0Sc. Primaria \u2013 Classe V, Sc. Sec. Di I Grado \u2013 Classe I e Sc. Sec. Di Sc. Grado \u2013 Classe III<\/em>\u00a0<strong>cantaram o hino nacional italiano e<\/strong>\u00a0posteriormente\u00a0<strong>o hino nacional brasileiro<\/strong>. Depois\u00a0<strong>fizeram uma homenagem e cantaram Samba do Arnesto, Samba Italiano, e Trem das onze, de Adoniran Barbosa.<\/strong><\/p>\n<p><img decoding=\"async\" class=\"aligncenter wp-image-6854 size-full\" src=\"https:\/\/www.montale.com.br\/wp-content\/uploads\/2023\/10\/O-EMBAIXADOR-DA-ITALIA-NO-BRASIL-FRANCESCO-AZZARELLO-RECEBE-HOMENAGEM-DOS-ALUNOS-DA-MONTALE-3.jpg\" alt=\"\" width=\"768\" height=\"511\" srcset=\"https:\/\/www.montale.com.br\/wp-content\/uploads\/2023\/10\/O-EMBAIXADOR-DA-ITALIA-NO-BRASIL-FRANCESCO-AZZARELLO-RECEBE-HOMENAGEM-DOS-ALUNOS-DA-MONTALE-3.jpg 768w, https:\/\/www.montale.com.br\/wp-content\/uploads\/2023\/10\/O-EMBAIXADOR-DA-ITALIA-NO-BRASIL-FRANCESCO-AZZARELLO-RECEBE-HOMENAGEM-DOS-ALUNOS-DA-MONTALE-3-300x200.jpg 300w, https:\/\/www.montale.com.br\/wp-content\/uploads\/2023\/10\/O-EMBAIXADOR-DA-ITALIA-NO-BRASIL-FRANCESCO-AZZARELLO-RECEBE-HOMENAGEM-DOS-ALUNOS-DA-MONTALE-3-18x12.jpg 18w, https:\/\/www.montale.com.br\/wp-content\/uploads\/2023\/10\/O-EMBAIXADOR-DA-ITALIA-NO-BRASIL-FRANCESCO-AZZARELLO-RECEBE-HOMENAGEM-DOS-ALUNOS-DA-MONTALE-3-600x399.jpg 600w\" sizes=\"(max-width: 768px) 100vw, 768px\" \/><\/p>\n<p style=\"text-align: center;\">Foto: Renato Pizzutto<\/p>\n<p>Em sua visita,\u00a0<strong>o Embaixador conheceu sobre a hist\u00f3ria da Escola<\/strong>, ficou encantado com a apresenta\u00e7\u00e3o, agradeceu o carinho recebido da fam\u00edlia Montale\u00a0<strong>e enfatizou o elo entre a It\u00e1lia e Brasil<\/strong>: \u201cO Brasil tem cerca de 35 milh\u00f5es de brasileiros de origem italiana. Temos cerca de 600 mil cidad\u00e3os que tiraram o passaporte e a cidadania italiana, e hoje temos uma grande comunidade brasileira na It\u00e1lia, que s\u00e3o 150 mil habitantes. Isso significa muito.\u201d Salientou que brasileiros e italianos s\u00e3o povos irm\u00e3os.<\/p>\n<p><iframe title=\"O Embaixador da It\u00e1lia no Brasil, Francesco Azzarello, recebe homenagem dos alunos da Montale\" width=\"640\" height=\"360\" src=\"https:\/\/www.youtube.com\/embed\/PiBwzwl1y6E?feature=oembed\" frameborder=\"0\" allow=\"accelerometer; autoplay; clipboard-write; encrypted-media; gyroscope; picture-in-picture; web-share\" referrerpolicy=\"strict-origin-when-cross-origin\" allowfullscreen><\/iframe><\/p>\n<\/div>\n<footer class=\"entry-footer\"><\/footer>\n<\/article>\n<nav class=\"navigation post-navigation\"><\/nav>\n","protected":false},"excerpt":{"rendered":"<p>Neste s\u00e1bado, 24 de junho, foi um dia de muita festan\u00e7a!<br \/>\nPais, alunos e comunidade se reuniram para celebrar as tradi\u00e7\u00f5es juninas.<\/p>\n","protected":false},"author":3,"featured_media":6855,"comment_status":"open","ping_status":"open","sticky":false,"template":"","format":"standard","meta":{"footnotes":""},"categories":[1],"tags":[],"class_list":["post-6852","post","type-post","status-publish","format-standard","has-post-thumbnail","hentry","category-noticias"],"_links":{"self":[{"href":"https:\/\/www.montale.com.br\/pt\/wp-json\/wp\/v2\/posts\/6852","targetHints":{"allow":["GET"]}}],"collection":[{"href":"https:\/\/www.montale.com.br\/pt\/wp-json\/wp\/v2\/posts"}],"about":[{"href":"https:\/\/www.montale.com.br\/pt\/wp-json\/wp\/v2\/types\/post"}],"author":[{"embeddable":true,"href":"https:\/\/www.montale.com.br\/pt\/wp-json\/wp\/v2\/users\/3"}],"replies":[{"embeddable":true,"href":"https:\/\/www.montale.com.br\/pt\/wp-json\/wp\/v2\/comments?post=6852"}],"version-history":[{"count":1,"href":"https:\/\/www.montale.com.br\/pt\/wp-json\/wp\/v2\/posts\/6852\/revisions"}],"predecessor-version":[{"id":6856,"href":"https:\/\/www.montale.com.br\/pt\/wp-json\/wp\/v2\/posts\/6852\/revisions\/6856"}],"wp:featuredmedia":[{"embeddable":true,"href":"https:\/\/www.montale.com.br\/pt\/wp-json\/wp\/v2\/media\/6855"}],"wp:attachment":[{"href":"https:\/\/www.montale.com.br\/pt\/wp-json\/wp\/v2\/media?parent=6852"}],"wp:term":[{"taxonomy":"category","embeddable":true,"href":"https:\/\/www.montale.com.br\/pt\/wp-json\/wp\/v2\/categories?post=6852"},{"taxonomy":"post_tag","embeddable":true,"href":"https:\/\/www.montale.com.br\/pt\/wp-json\/wp\/v2\/tags?post=6852"}],"curies":[{"name":"wp","href":"https:\/\/api.w.org\/{rel}","templated":true}]}}