{"id":6847,"date":"2023-10-05T14:48:47","date_gmt":"2023-10-05T17:48:47","guid":{"rendered":"https:\/\/www.montale.com.br\/?p=6847"},"modified":"2023-10-05T14:48:47","modified_gmt":"2023-10-05T17:48:47","slug":"montale-recebe-visita-do-novo-consul-geral-da-italia-em-sp","status":"publish","type":"post","link":"https:\/\/www.montale.com.br\/pt\/montale-recebe-visita-do-novo-consul-geral-da-italia-em-sp\/","title":{"rendered":"MONTALE RECEBE VISITA DO NOVO C\u00d4NSUL GERAL DA IT\u00c1LIA EM SP"},"content":{"rendered":"<article id=\"post-7220\" class=\"post-7220 post type-post status-publish format-standard has-post-thumbnail hentry category-noticias tag-associazione-italia-per-san-paolo tag-cultura-italiana tag-curso-de-italiano tag-estudar-italiano\">\n<div class=\"entry-content ztl-single\">\n<p>A quarta-feira (16) foi um dia inesquec\u00edvel para a fam\u00edlia Montale, que recebeu o novo C\u00f4nsul Geral da It\u00e1lia em S\u00e3o Paulo, Sr.\u00a0<strong><a href=\"https:\/\/conssanpaolo.esteri.it\/consolato_sanpaolo\/pt\/il_consolato\/il_console?utm_campaign=visita_novo_consul_-_fevereiro&amp;utm_medium=email&amp;utm_source=RD+Station\">Domenico Fornara<\/a><\/strong>, a C\u00f4nsul Adjunta, Sra. Livia Satullo e a Dirigente Escol\u00e1stica, Dra. Monica Faggionato, com muito carinho por nossos alunos e colaboradores.<\/p>\n<p><img fetchpriority=\"high\" decoding=\"async\" class=\"wp-image-6848 size-full aligncenter\" src=\"https:\/\/www.montale.com.br\/wp-content\/uploads\/2023\/10\/MONTALE-RECEBE-VISITA-DO-NOVO-CONSUL-GERAL-DA-ITALIA-EM-SP-2.jpg\" alt=\"\" width=\"768\" height=\"215\" srcset=\"https:\/\/www.montale.com.br\/wp-content\/uploads\/2023\/10\/MONTALE-RECEBE-VISITA-DO-NOVO-CONSUL-GERAL-DA-ITALIA-EM-SP-2.jpg 768w, https:\/\/www.montale.com.br\/wp-content\/uploads\/2023\/10\/MONTALE-RECEBE-VISITA-DO-NOVO-CONSUL-GERAL-DA-ITALIA-EM-SP-2-300x84.jpg 300w, https:\/\/www.montale.com.br\/wp-content\/uploads\/2023\/10\/MONTALE-RECEBE-VISITA-DO-NOVO-CONSUL-GERAL-DA-ITALIA-EM-SP-2-18x5.jpg 18w, https:\/\/www.montale.com.br\/wp-content\/uploads\/2023\/10\/MONTALE-RECEBE-VISITA-DO-NOVO-CONSUL-GERAL-DA-ITALIA-EM-SP-2-600x168.jpg 600w\" sizes=\"(max-width: 768px) 100vw, 768px\" \/><\/p>\n<p>O\u00a0<strong>C\u00f4nsul<\/strong>\u00a0conheceu a infraestrutura da escola, o projeto pedag\u00f3gico e\u00a0<strong>foi recebido com uma super homenagem feita pelos nossos alunos<\/strong>.<\/p>\n<p><img decoding=\"async\" class=\"aligncenter wp-image-6849 size-full\" src=\"https:\/\/www.montale.com.br\/wp-content\/uploads\/2023\/10\/MONTALE-RECEBE-VISITA-DO-NOVO-CONSUL-GERAL-DA-ITALIA-EM-SP-4.jpg\" alt=\"\" width=\"486\" height=\"401\" srcset=\"https:\/\/www.montale.com.br\/wp-content\/uploads\/2023\/10\/MONTALE-RECEBE-VISITA-DO-NOVO-CONSUL-GERAL-DA-ITALIA-EM-SP-4.jpg 486w, https:\/\/www.montale.com.br\/wp-content\/uploads\/2023\/10\/MONTALE-RECEBE-VISITA-DO-NOVO-CONSUL-GERAL-DA-ITALIA-EM-SP-4-300x248.jpg 300w, https:\/\/www.montale.com.br\/wp-content\/uploads\/2023\/10\/MONTALE-RECEBE-VISITA-DO-NOVO-CONSUL-GERAL-DA-ITALIA-EM-SP-4-15x12.jpg 15w\" sizes=\"(max-width: 486px) 100vw, 486px\" \/><\/p>\n<p>\u201c<em>Volare<\/em>\u201d foi a m\u00fasica escolhida pela\u00a0<em><strong>Sc. Sec. di I Grado \u2013 Classe I<\/strong>\u00a0<\/em>para dar boas-vindas.<\/p>\n<p><img decoding=\"async\" class=\"aligncenter wp-image-6850 size-full\" src=\"https:\/\/www.montale.com.br\/wp-content\/uploads\/2023\/10\/MONTALE-RECEBE-VISITA-DO-NOVO-CONSUL-GERAL-DA-ITALIA-EM-SP-3.jpg\" alt=\"\" width=\"300\" height=\"246\" srcset=\"https:\/\/www.montale.com.br\/wp-content\/uploads\/2023\/10\/MONTALE-RECEBE-VISITA-DO-NOVO-CONSUL-GERAL-DA-ITALIA-EM-SP-3.jpg 300w, https:\/\/www.montale.com.br\/wp-content\/uploads\/2023\/10\/MONTALE-RECEBE-VISITA-DO-NOVO-CONSUL-GERAL-DA-ITALIA-EM-SP-3-15x12.jpg 15w\" sizes=\"(max-width: 300px) 100vw, 300px\" \/><\/p>\n<p>Os alunos da\u00a0<em><strong>Sc. Primaria \u2013 Classe V<\/strong><\/em>\u00a0cantaram a m\u00fasica \u201c<em><strong>Una Commedia Divina<\/strong><\/em>\u201c, em homenagem a Dante Alighieri.<\/p>\n<p>A honrosa presen\u00e7a da\u00a0<strong>Diretoria de Ensino<\/strong>\u00a0(DESUL) que sempre nos orienta e prop\u00f5e a\u00e7\u00f5es para melhoria e pr\u00e1tica do corpo docente e do desempenho escolar, recebeu tamb\u00e9m o agraciamento.<br \/>\nEstavam presentes Sandra Papaiz Velasco \u2013 Presidente, Giuseppe d\u2019Anna \u2013 Presidente Benem\u00e9rito, Nelson Castro \u2013 Associado Benem\u00e9rito, e os Representantes Contribuintes Lanfranco Troncone e Oliviero Roggi.<\/p>\n<\/div>\n<footer class=\"entry-footer\"><\/footer>\n<\/article>\n<nav class=\"navigation post-navigation\"><\/nav>\n","protected":false},"excerpt":{"rendered":"<p>Neste s\u00e1bado, 24 de junho, foi um dia de muita festan\u00e7a!<br \/>\nPais, alunos e comunidade se reuniram para celebrar as tradi\u00e7\u00f5es juninas.<\/p>\n","protected":false},"author":3,"featured_media":6849,"comment_status":"open","ping_status":"open","sticky":false,"template":"","format":"standard","meta":{"footnotes":""},"categories":[1],"tags":[],"class_list":["post-6847","post","type-post","status-publish","format-standard","has-post-thumbnail","hentry","category-noticias"],"_links":{"self":[{"href":"https:\/\/www.montale.com.br\/pt\/wp-json\/wp\/v2\/posts\/6847","targetHints":{"allow":["GET"]}}],"collection":[{"href":"https:\/\/www.montale.com.br\/pt\/wp-json\/wp\/v2\/posts"}],"about":[{"href":"https:\/\/www.montale.com.br\/pt\/wp-json\/wp\/v2\/types\/post"}],"author":[{"embeddable":true,"href":"https:\/\/www.montale.com.br\/pt\/wp-json\/wp\/v2\/users\/3"}],"replies":[{"embeddable":true,"href":"https:\/\/www.montale.com.br\/pt\/wp-json\/wp\/v2\/comments?post=6847"}],"version-history":[{"count":1,"href":"https:\/\/www.montale.com.br\/pt\/wp-json\/wp\/v2\/posts\/6847\/revisions"}],"predecessor-version":[{"id":6851,"href":"https:\/\/www.montale.com.br\/pt\/wp-json\/wp\/v2\/posts\/6847\/revisions\/6851"}],"wp:featuredmedia":[{"embeddable":true,"href":"https:\/\/www.montale.com.br\/pt\/wp-json\/wp\/v2\/media\/6849"}],"wp:attachment":[{"href":"https:\/\/www.montale.com.br\/pt\/wp-json\/wp\/v2\/media?parent=6847"}],"wp:term":[{"taxonomy":"category","embeddable":true,"href":"https:\/\/www.montale.com.br\/pt\/wp-json\/wp\/v2\/categories?post=6847"},{"taxonomy":"post_tag","embeddable":true,"href":"https:\/\/www.montale.com.br\/pt\/wp-json\/wp\/v2\/tags?post=6847"}],"curies":[{"name":"wp","href":"https:\/\/api.w.org\/{rel}","templated":true}]}}