{"id":6839,"date":"2023-10-05T14:44:02","date_gmt":"2023-10-05T17:44:02","guid":{"rendered":"https:\/\/www.montale.com.br\/?p=6839"},"modified":"2023-10-05T14:45:57","modified_gmt":"2023-10-05T17:45:57","slug":"aprovados-2021-vestibular","status":"publish","type":"post","link":"https:\/\/www.montale.com.br\/pt\/aprovados-2021-vestibular\/","title":{"rendered":"APROVADOS 2021 \u2013 VESTIBULAR"},"content":{"rendered":"\t\t<div data-elementor-type=\"wp-post\" data-elementor-id=\"6839\" class=\"elementor elementor-6839\" data-elementor-post-type=\"post\">\n\t\t\t\t\t\t\t        <section class=\"elementor-section elementor-top-section elementor-element elementor-element-54849ecf elementor-section-boxed elementor-section-height-default elementor-section-height-default ct-header-fixed-none ct-row-max-none\" data-id=\"54849ecf\" data-element_type=\"section\">\n            \n                        <div class=\"elementor-container elementor-column-gap-default \">\n                    <div class=\"elementor-column elementor-col-100 elementor-top-column elementor-element elementor-element-6225634f\" data-id=\"6225634f\" data-element_type=\"column\">\n            <div class=\"elementor-widget-wrap elementor-element-populated\">\n                        \t\t<div class=\"elementor-element elementor-element-4f358d88 elementor-widget elementor-widget-text-editor\" data-id=\"4f358d88\" data-element_type=\"widget\" data-widget_type=\"text-editor.default\">\n\t\t\t\t<div class=\"elementor-widget-container\">\n\t\t\t<style>\/*! elementor - v3.18.0 - 04-12-2023 *\/\n.elementor-widget-text-editor.elementor-drop-cap-view-stacked .elementor-drop-cap{background-color:#69727d;color:#fff}.elementor-widget-text-editor.elementor-drop-cap-view-framed .elementor-drop-cap{color:#69727d;border:3px solid;background-color:transparent}.elementor-widget-text-editor:not(.elementor-drop-cap-view-default) .elementor-drop-cap{margin-top:8px}.elementor-widget-text-editor:not(.elementor-drop-cap-view-default) .elementor-drop-cap-letter{width:1em;height:1em}.elementor-widget-text-editor .elementor-drop-cap{float:left;text-align:center;line-height:1;font-size:50px}.elementor-widget-text-editor .elementor-drop-cap-letter{display:inline-block}<\/style>\t\t\t\t<article id=\"post-7220\" class=\"post-7220 post type-post status-publish format-standard has-post-thumbnail hentry category-noticias tag-associazione-italia-per-san-paolo tag-cultura-italiana tag-curso-de-italiano tag-estudar-italiano\"><div class=\"entry-content ztl-single\"><p>Parab\u00e9ns \ud83c\udf89 a todos os alunos da Sc. Sec. di II Grado \u2013 Classe IV por terem passado com louvor no\u00a0<em>Esame di Stato<\/em>\u00a0e terem adquirido a dupla certifica\u00e7\u00e3o (Brasil | It\u00e1lia) \u2714\ufe0f\ud83d\udc9e<\/p><p>A Eugenio Montale tamb\u00e9m parabeniza os alunos que prestaram vestibular e passaram nas universidades que tanto almejavam.<\/p><p>Desejamos sucesso nessa nova etapa!<br \/>Auguri!<\/p><p>\u00a0<\/p><\/div><\/article><nav class=\"navigation post-navigation\"><\/nav>\t\t\t\t\t\t<\/div>\n\t\t\t\t<\/div>\n\t\t\t\t<div class=\"elementor-element elementor-element-e9fd71c elementor-pagination-position-outside elementor-widget elementor-widget-image-carousel\" data-id=\"e9fd71c\" data-element_type=\"widget\" data-settings=\"{&quot;slides_to_show&quot;:&quot;1&quot;,&quot;navigation&quot;:&quot;dots&quot;,&quot;autoplay&quot;:&quot;yes&quot;,&quot;pause_on_hover&quot;:&quot;yes&quot;,&quot;pause_on_interaction&quot;:&quot;yes&quot;,&quot;autoplay_speed&quot;:5000,&quot;infinite&quot;:&quot;yes&quot;,&quot;effect&quot;:&quot;slide&quot;,&quot;speed&quot;:500}\" data-widget_type=\"image-carousel.default\">\n\t\t\t\t<div class=\"elementor-widget-container\">\n\t\t\t<style>\/*! elementor - v3.18.0 - 04-12-2023 *\/\n.elementor-widget-image-carousel .swiper,.elementor-widget-image-carousel .swiper-container{position:static}.elementor-widget-image-carousel .swiper-container .swiper-slide figure,.elementor-widget-image-carousel .swiper .swiper-slide figure{line-height:inherit}.elementor-widget-image-carousel .swiper-slide{text-align:center}.elementor-image-carousel-wrapper:not(.swiper-container-initialized):not(.swiper-initialized) .swiper-slide{max-width:calc(100% \/ var(--e-image-carousel-slides-to-show, 3))}<\/style>\t\t<div class=\"elementor-image-carousel-wrapper swiper\" dir=\"ltr\">\n\t\t\t<div class=\"elementor-image-carousel swiper-wrapper\" aria-live=\"off\">\n\t\t\t\t\t\t\t\t<div class=\"swiper-slide\" role=\"group\" aria-roledescription=\"slide\" aria-label=\"1 of 3\"><a data-elementor-open-lightbox=\"yes\" data-elementor-lightbox-slideshow=\"e9fd71c\" data-elementor-lightbox-title=\"APROVADOS 2021 \u2013 VESTIBULAR 2\" data-e-action-hash=\"#elementor-action%3Aaction%3Dlightbox%26settings%3DeyJpZCI6Njg0MSwidXJsIjoiaHR0cHM6XC9cL3d3dy5tb250YWxlLmNvbS5iclwvd3AtY29udGVudFwvdXBsb2Fkc1wvMjAyM1wvMTBcL0FQUk9WQURPUy0yMDIxLVx1MjAxMy1WRVNUSUJVTEFSLTIuanBnIiwic2xpZGVzaG93IjoiZTlmZDcxYyJ9\" href=\"https:\/\/www.montale.com.br\/wp-content\/uploads\/2023\/10\/APROVADOS-2021-\u2013-VESTIBULAR-2.jpg\"><figure class=\"swiper-slide-inner\"><img decoding=\"async\" class=\"swiper-slide-image\" src=\"https:\/\/www.montale.com.br\/wp-content\/uploads\/2023\/10\/APROVADOS-2021-\u2013-VESTIBULAR-2-600x600.jpg\" alt=\"APROVADOS 2021 \u2013 VESTIBULAR 2\" \/><\/figure><\/a><\/div><div class=\"swiper-slide\" role=\"group\" aria-roledescription=\"slide\" aria-label=\"2 of 3\"><a data-elementor-open-lightbox=\"yes\" data-elementor-lightbox-slideshow=\"e9fd71c\" data-elementor-lightbox-title=\"APROVADOS 2021 \u2013 VESTIBULAR 3\" data-e-action-hash=\"#elementor-action%3Aaction%3Dlightbox%26settings%3DeyJpZCI6Njg0MiwidXJsIjoiaHR0cHM6XC9cL3d3dy5tb250YWxlLmNvbS5iclwvd3AtY29udGVudFwvdXBsb2Fkc1wvMjAyM1wvMTBcL0FQUk9WQURPUy0yMDIxLVx1MjAxMy1WRVNUSUJVTEFSLTMuanBnIiwic2xpZGVzaG93IjoiZTlmZDcxYyJ9\" href=\"https:\/\/www.montale.com.br\/wp-content\/uploads\/2023\/10\/APROVADOS-2021-\u2013-VESTIBULAR-3.jpg\"><figure class=\"swiper-slide-inner\"><img decoding=\"async\" class=\"swiper-slide-image\" src=\"https:\/\/www.montale.com.br\/wp-content\/uploads\/2023\/10\/APROVADOS-2021-\u2013-VESTIBULAR-3-600x600.jpg\" alt=\"APROVADOS 2021 \u2013 VESTIBULAR 3\" \/><\/figure><\/a><\/div><div class=\"swiper-slide\" role=\"group\" aria-roledescription=\"slide\" aria-label=\"3 of 3\"><a data-elementor-open-lightbox=\"yes\" data-elementor-lightbox-slideshow=\"e9fd71c\" data-elementor-lightbox-title=\"APROVADOS 2021 \u2013 VESTIBULAR\" data-e-action-hash=\"#elementor-action%3Aaction%3Dlightbox%26settings%3DeyJpZCI6Njg0MywidXJsIjoiaHR0cHM6XC9cL3d3dy5tb250YWxlLmNvbS5iclwvd3AtY29udGVudFwvdXBsb2Fkc1wvMjAyM1wvMTBcL0FQUk9WQURPUy0yMDIxLVx1MjAxMy1WRVNUSUJVTEFSLmpwZyIsInNsaWRlc2hvdyI6ImU5ZmQ3MWMifQ%3D%3D\" href=\"https:\/\/www.montale.com.br\/wp-content\/uploads\/2023\/10\/APROVADOS-2021-\u2013-VESTIBULAR.jpg\"><figure class=\"swiper-slide-inner\"><img decoding=\"async\" class=\"swiper-slide-image\" src=\"https:\/\/www.montale.com.br\/wp-content\/uploads\/2023\/10\/APROVADOS-2021-\u2013-VESTIBULAR-600x600.jpg\" alt=\"APROVADOS 2021 \u2013 VESTIBULAR\" \/><\/figure><\/a><\/div>\t\t\t<\/div>\n\t\t\t\t\t\t\t\n\t\t\t\t\t\t\t\t\t<div class=\"swiper-pagination\"><\/div>\n\t\t\t\t\t\t\t\t\t<\/div>\n\t\t\t\t<\/div>\n\t\t\t\t<\/div>\n\t\t            <\/div>\n        <\/div>\n                            <\/div>\n        <\/section>\n        \t\t\t\t\t<\/div>\n\t\t","protected":false},"excerpt":{"rendered":"<p>Neste s\u00e1bado, 24 de junho, foi um dia de muita festan\u00e7a!<br \/>\nPais, alunos e comunidade se reuniram para celebrar as tradi\u00e7\u00f5es juninas.<\/p>\n","protected":false},"author":3,"featured_media":6837,"comment_status":"open","ping_status":"open","sticky":false,"template":"","format":"standard","meta":{"footnotes":""},"categories":[1],"tags":[],"class_list":["post-6839","post","type-post","status-publish","format-standard","has-post-thumbnail","hentry","category-noticias"],"_links":{"self":[{"href":"https:\/\/www.montale.com.br\/pt\/wp-json\/wp\/v2\/posts\/6839","targetHints":{"allow":["GET"]}}],"collection":[{"href":"https:\/\/www.montale.com.br\/pt\/wp-json\/wp\/v2\/posts"}],"about":[{"href":"https:\/\/www.montale.com.br\/pt\/wp-json\/wp\/v2\/types\/post"}],"author":[{"embeddable":true,"href":"https:\/\/www.montale.com.br\/pt\/wp-json\/wp\/v2\/users\/3"}],"replies":[{"embeddable":true,"href":"https:\/\/www.montale.com.br\/pt\/wp-json\/wp\/v2\/comments?post=6839"}],"version-history":[{"count":4,"href":"https:\/\/www.montale.com.br\/pt\/wp-json\/wp\/v2\/posts\/6839\/revisions"}],"predecessor-version":[{"id":6846,"href":"https:\/\/www.montale.com.br\/pt\/wp-json\/wp\/v2\/posts\/6839\/revisions\/6846"}],"wp:featuredmedia":[{"embeddable":true,"href":"https:\/\/www.montale.com.br\/pt\/wp-json\/wp\/v2\/media\/6837"}],"wp:attachment":[{"href":"https:\/\/www.montale.com.br\/pt\/wp-json\/wp\/v2\/media?parent=6839"}],"wp:term":[{"taxonomy":"category","embeddable":true,"href":"https:\/\/www.montale.com.br\/pt\/wp-json\/wp\/v2\/categories?post=6839"},{"taxonomy":"post_tag","embeddable":true,"href":"https:\/\/www.montale.com.br\/pt\/wp-json\/wp\/v2\/tags?post=6839"}],"curies":[{"name":"wp","href":"https:\/\/api.w.org\/{rel}","templated":true}]}}