{"id":6831,"date":"2023-10-05T02:10:21","date_gmt":"2023-10-05T05:10:21","guid":{"rendered":"https:\/\/www.montale.com.br\/?p=6831"},"modified":"2023-10-05T02:10:21","modified_gmt":"2023-10-05T05:10:21","slug":"eugenio-montale-aplica-os-esami-di-stato-2021","status":"publish","type":"post","link":"https:\/\/www.montale.com.br\/pt\/eugenio-montale-aplica-os-esami-di-stato-2021\/","title":{"rendered":"EUGENIO MONTALE APLICA OS ESAMI DI STATO \u2013 2021"},"content":{"rendered":"<article id=\"post-7220\" class=\"post-7220 post type-post status-publish format-standard has-post-thumbnail hentry category-noticias tag-associazione-italia-per-san-paolo tag-cultura-italiana tag-curso-de-italiano tag-estudar-italiano\">\n<div class=\"entry-content ztl-single\">\n<p>A Scuola Internacional Eugenio Montale vai realizar os\u00a0<em>Esami di Stato<\/em>, uma importante prova institu\u00edda pelo\u00a0<a href=\"https:\/\/www.miur.gov.it\/\"><em>Ministero dell\u2019Istruzione<\/em><\/a>, e que ocorre no final do primeiro e segundo ciclos de ensino nas escolas internacionais italianas. Os Esami di Stato s\u00e3o uma meta fundamental da trajet\u00f3ria escolar do aluno e tem como objetivo avaliar as compet\u00eancias adquiridas ao final de cada ciclo escolar.<\/p>\n<p>Na Eugenio Montale, o exame \u00e9 aplicado para todos os alunos que desejam se formar no 3\u00ba ano do ensino m\u00e9dio, e tamb\u00e9m para conquistar a dupla certifica\u00e7\u00e3o \u2013 Brasil e It\u00e1lia. Ele \u00e9 aplicado ainda para os alunos do 8\u00ba ano, para que possam entrar no 9\u00ba ano (equivalente ao Primo Liceo italiano). Os exames v\u00e3o acontecer nos dias 22 a 24 de novembro para IV Liceo (3\u00ba ano do ensino m\u00e9dio) e de 13 a 15 de dezembro para III da\u00a0<em>Scuola Sec. di I Grado<\/em>\u00a0(8\u00ba ano do ensino fundamental II). Todas as provas ser\u00e3o realizadas presencialmente.<\/p>\n<p>\u201c<em>O Esame di Stato<\/em>\u00a0na nossa escola representa um verdadeiro passaporte para ingressar na faculdade tanto Brasileira quanto Italiana. Esse dia t\u00e3o esperado pode ser visto pelos alunos com muita preocupa\u00e7\u00e3o e apreens\u00e3o, por\u00e9m em italiano esse exame se chama \u201c<em>esame di maturit\u00e0<\/em>\u201d, ent\u00e3o em si \u00e9 uma etapa que, al\u00e9m de ser obrigat\u00f3ria para concluir os estudos, ajuda os alunos a \u201camadurecer\u201d para poder enfrentar a faculdade, pois nesse exame os alunos ter\u00e3o a oportunidade de expor o conhecimento em frente de uma comiss\u00e3o externa (professores desconhecidos), coisa que somente na faculdade acontece\u201d, explica Fabio Pizzighello, coordenador pedag\u00f3gico da\u00a0<em>Media<\/em>\u00a0e\u00a0<em>Liceo<\/em>\u00a0(Ensino Fundamental II e Ensino M\u00e9dio).<\/p>\n<p>Antes da pandemia, os\u00a0<em>Esami di Stato<\/em>\u00a0eram realizados com provas escritas e uma parte oral, diferente deste ano, que ser\u00e1 apenas de forma oral e com apresenta\u00e7\u00e3o do trabalho escrito final, chamado\u00a0<em>elaborato<\/em>. Na Eugenio Montale, o corpo docente, coordena\u00e7\u00e3o e dire\u00e7\u00e3o pedag\u00f3gica explicam previamente sobre a avalia\u00e7\u00e3o, seus componentes e seu conte\u00fado, al\u00e9m de instruir os alunos no aspecto multidisciplinar da prova, que \u00e9 um dos grandes pontos avaliados durante o\u00a0<em>colloquio<\/em>\u00a0(prova oral). A comiss\u00e3o de ensino da institui\u00e7\u00e3o escolher\u00e1 os temas a serem utilizados nas simula\u00e7\u00f5es.<\/p>\n<p>\u201cEmbora o\u00a0<em>Esame di Stato<\/em>\u00a0seja visto como um tipo de avalia\u00e7\u00e3o final do percurso de estudos que pertence ao s\u00e9culo passado, ainda \u00e9 a melhor forma para que o aluno possa enfrentar aquele medo que geralmente todos os estudantes t\u00eam, ou seja, se abrir publicamente e expor o conhecimento que ele veio adquirindo ao longo dos anos\u201d, complementa o coordenador.<\/p>\n<p>A\u00a0<em>Scuola<\/em>\u00a0Eugenio Montale \u00e9 a \u00fanica autorizada a aplicar o\u00a0<em>Esame di Stato<\/em>\u00a0no Estado de S\u00e3o Paulo, porque \u00e9 reconhecida como Escola Parit\u00e1ria pelo Governo Italiano, sendo a \u00fanica escola no Estado que possui esse t\u00edtulo.\u00a0<em>La parit\u00e0<\/em>\u00a0garante o tr\u00e2nsito dos seus alunos \u00e0s escolas e universidades europeias.<\/p>\n<\/div>\n<footer class=\"entry-footer\"><\/footer>\n<\/article>\n<nav class=\"navigation post-navigation\"><\/nav>\n","protected":false},"excerpt":{"rendered":"<p>Neste s\u00e1bado, 24 de junho, foi um dia de muita festan\u00e7a!<br \/>\nPais, alunos e comunidade se reuniram para celebrar as tradi\u00e7\u00f5es juninas.<\/p>\n","protected":false},"author":3,"featured_media":6833,"comment_status":"open","ping_status":"open","sticky":false,"template":"","format":"standard","meta":{"footnotes":""},"categories":[1],"tags":[],"class_list":["post-6831","post","type-post","status-publish","format-standard","has-post-thumbnail","hentry","category-noticias"],"_links":{"self":[{"href":"https:\/\/www.montale.com.br\/pt\/wp-json\/wp\/v2\/posts\/6831","targetHints":{"allow":["GET"]}}],"collection":[{"href":"https:\/\/www.montale.com.br\/pt\/wp-json\/wp\/v2\/posts"}],"about":[{"href":"https:\/\/www.montale.com.br\/pt\/wp-json\/wp\/v2\/types\/post"}],"author":[{"embeddable":true,"href":"https:\/\/www.montale.com.br\/pt\/wp-json\/wp\/v2\/users\/3"}],"replies":[{"embeddable":true,"href":"https:\/\/www.montale.com.br\/pt\/wp-json\/wp\/v2\/comments?post=6831"}],"version-history":[{"count":2,"href":"https:\/\/www.montale.com.br\/pt\/wp-json\/wp\/v2\/posts\/6831\/revisions"}],"predecessor-version":[{"id":6834,"href":"https:\/\/www.montale.com.br\/pt\/wp-json\/wp\/v2\/posts\/6831\/revisions\/6834"}],"wp:featuredmedia":[{"embeddable":true,"href":"https:\/\/www.montale.com.br\/pt\/wp-json\/wp\/v2\/media\/6833"}],"wp:attachment":[{"href":"https:\/\/www.montale.com.br\/pt\/wp-json\/wp\/v2\/media?parent=6831"}],"wp:term":[{"taxonomy":"category","embeddable":true,"href":"https:\/\/www.montale.com.br\/pt\/wp-json\/wp\/v2\/categories?post=6831"},{"taxonomy":"post_tag","embeddable":true,"href":"https:\/\/www.montale.com.br\/pt\/wp-json\/wp\/v2\/tags?post=6831"}],"curies":[{"name":"wp","href":"https:\/\/api.w.org\/{rel}","templated":true}]}}