{"id":6805,"date":"2023-10-05T01:18:07","date_gmt":"2023-10-05T04:18:07","guid":{"rendered":"https:\/\/www.montale.com.br\/?p=6805"},"modified":"2023-10-05T01:18:07","modified_gmt":"2023-10-05T04:18:07","slug":"palestra-design-para-sustentabilidade-com-christian-ullmann-do-ied","status":"publish","type":"post","link":"https:\/\/www.montale.com.br\/pt\/palestra-design-para-sustentabilidade-com-christian-ullmann-do-ied\/","title":{"rendered":"PALESTRA: DESIGN PARA SUSTENTABILIDADE \u2013 COM CHRISTIAN ULLMANN, DO IED"},"content":{"rendered":"<p>Um dos 17 Objetivos de Desenvolvimento Sustent\u00e1vel (ODS) da ONU at\u00e9 2030 \u00e9\u00a0<a href=\"https:\/\/brasil.un.org\/pt-br\/sdgs\/6\">assegurar a disponibilidade e gest\u00e3o sustent\u00e1vel da \u00e1gua e saneamento para todos<\/a>, aumentando substancialmente a efici\u00eancia do uso da \u00e1gua em todos os setores e assegurar retiradas sustent\u00e1veis e o abastecimento de \u00e1gua doce para enfrentar a escassez de \u00e1gua, e reduzir substancialmente o n\u00famero de pessoas que sofrem com a escassez de \u00e1gua<\/p>\n<p>A Organiza\u00e7\u00e3o das Na\u00e7\u00f5es Unidas para a Educa\u00e7\u00e3o, a Ci\u00eancia e a Cultura (UNESCO) \u00e9 uma ag\u00eancia especializada da ONU, e\u00a0<strong>a Eugenio Montale, como membro das escolas associadas da UNESCO<\/strong>,\u00a0<strong>est\u00e1 trabalhando nesse tema t\u00e3o importante com os alunos da\u00a0<em>Sc. Sec. di I Grado \u2013 Classe Terza<\/em><\/strong>, sob supervis\u00e3o dos Professores de Ci\u00eancias, Francesco De Santi, e de Matem\u00e1tica, Giorgio Bianchini.<\/p>\n<p><strong>O projeto \u00c1gua \u2013 uso no micro e macro sistema<\/strong>\u00a0<strong>consiste em estudos<\/strong>\u00a0<strong>sobre<\/strong>\u00a0v\u00e1rios t\u00f3picos relacionados \u00e0 \u00e1gua. Nele foram considerados\u00a0<strong>aspectos do uso da \u00e1gua, acesso e disponibilidade<\/strong>, bem como uso oculto da \u00e1gua, como na produ\u00e7\u00e3o de alimentos ou produtos industriais em geral. Al\u00e9m disso,<strong>\u00a0o projeto viabiliza o estudo desde a caracter\u00edstica da mol\u00e9cula at\u00e9 a presen\u00e7a de \u00e1gua no espa\u00e7o<\/strong>.<\/p>\n<p><strong>Tem como objetivo familiarizar os alunos com os problemas relacionados \u00e0 \u00e1gua.<\/strong>\u00a0Pesquisas e di\u00e1logos em classe sobre a usabilidade e desperd\u00edcio de recursos h\u00eddricos est\u00e3o sendo feitos atrav\u00e9s de uma abordagem multidisciplinar e multitem\u00e1tica.<\/p>\n<p>O foco \u00e9 sensibiliz\u00e1-los sobre uma quest\u00e3o de extrema import\u00e2ncia, um recurso vital para a vida.<\/p>\n<p><strong>Acreditamos que os conceitos de design agregaram muito para a evolu\u00e7\u00e3o dessa atividade. Por isso, a Eugenio Montale em parceira com o IED Brasil, convidou o Prof\u00ba Christian Ullmann, especialista em design &amp; sustentabilidade, para ministrar uma palestra sobre o tema<\/strong>, com o objetivo de apresentar estudos, promover di\u00e1logos e sanar eventuais d\u00favidas sobre como e onde o design pode ajudar nessa causa.<\/p>\n","protected":false},"excerpt":{"rendered":"<p>Neste s\u00e1bado, 24 de junho, foi um dia de muita festan\u00e7a!<br \/>\nPais, alunos e comunidade se reuniram para celebrar as tradi\u00e7\u00f5es juninas.<\/p>\n","protected":false},"author":3,"featured_media":6806,"comment_status":"open","ping_status":"open","sticky":false,"template":"","format":"standard","meta":{"footnotes":""},"categories":[1],"tags":[],"class_list":["post-6805","post","type-post","status-publish","format-standard","has-post-thumbnail","hentry","category-noticias"],"_links":{"self":[{"href":"https:\/\/www.montale.com.br\/pt\/wp-json\/wp\/v2\/posts\/6805","targetHints":{"allow":["GET"]}}],"collection":[{"href":"https:\/\/www.montale.com.br\/pt\/wp-json\/wp\/v2\/posts"}],"about":[{"href":"https:\/\/www.montale.com.br\/pt\/wp-json\/wp\/v2\/types\/post"}],"author":[{"embeddable":true,"href":"https:\/\/www.montale.com.br\/pt\/wp-json\/wp\/v2\/users\/3"}],"replies":[{"embeddable":true,"href":"https:\/\/www.montale.com.br\/pt\/wp-json\/wp\/v2\/comments?post=6805"}],"version-history":[{"count":1,"href":"https:\/\/www.montale.com.br\/pt\/wp-json\/wp\/v2\/posts\/6805\/revisions"}],"predecessor-version":[{"id":6807,"href":"https:\/\/www.montale.com.br\/pt\/wp-json\/wp\/v2\/posts\/6805\/revisions\/6807"}],"wp:featuredmedia":[{"embeddable":true,"href":"https:\/\/www.montale.com.br\/pt\/wp-json\/wp\/v2\/media\/6806"}],"wp:attachment":[{"href":"https:\/\/www.montale.com.br\/pt\/wp-json\/wp\/v2\/media?parent=6805"}],"wp:term":[{"taxonomy":"category","embeddable":true,"href":"https:\/\/www.montale.com.br\/pt\/wp-json\/wp\/v2\/categories?post=6805"},{"taxonomy":"post_tag","embeddable":true,"href":"https:\/\/www.montale.com.br\/pt\/wp-json\/wp\/v2\/tags?post=6805"}],"curies":[{"name":"wp","href":"https:\/\/api.w.org\/{rel}","templated":true}]}}