{"id":9431,"date":"2025-07-31T17:05:10","date_gmt":"2025-07-31T20:05:10","guid":{"rendered":"https:\/\/www.montale.com.br\/?p=9431"},"modified":"2025-09-08T15:00:01","modified_gmt":"2025-09-08T18:00:01","slug":"reggio-emilia-na-pratica-como-os-principios-dessa-abordagem-estao-presentes-no-dia-a-dia-da-montale","status":"publish","type":"post","link":"https:\/\/www.montale.com.br\/it\/reggio-emilia-na-pratica-como-os-principios-dessa-abordagem-estao-presentes-no-dia-a-dia-da-montale\/","title":{"rendered":"Reggio Emilia na pr\u00e1tica: como os princ\u00edpios dessa abordagem est\u00e3o presentes no dia a dia da Montale"},"content":{"rendered":"<h1>Reggio Emilia na pr\u00e1tica: como os princ\u00edpios dessa abordagem est\u00e3o presentes no dia a dia da Montale<\/h1>\n<p>&nbsp;<\/p>\n<p>Voc\u00ea j\u00e1 ouviu falar na abordagem Reggio Emilia, mas n\u00e3o sabe exatamente o que ela significa na pr\u00e1tica? Na Montale, essa inspira\u00e7\u00e3o pedag\u00f3gica est\u00e1 presente de forma concreta no cotidiano das crian\u00e7as \u2014 desde a organiza\u00e7\u00e3o dos espa\u00e7os at\u00e9 o modo como escutamos e valorizamos suas ideias.<\/p>\n<p>Neste artigo, explicamos os princ\u00edpios dessa abordagem italiana e mostramos como eles se traduzem no dia a dia da nossa escola.<\/p>\n<p>&nbsp;<\/p>\n<h2>O que \u00e9 a abordagem Reggio Emilia?<\/h2>\n<p>Criada no p\u00f3s-guerra, na cidade italiana de Reggio Emilia, essa abordagem educacional nasceu de um desejo coletivo por uma nova forma de educar \u2014 mais democr\u00e1tica, respeitosa e centrada na crian\u00e7a.<\/p>\n<p>Reggio Emilia parte da ideia de que toda crian\u00e7a tem um potencial enorme de descoberta, express\u00e3o e constru\u00e7\u00e3o de conhecimento. A escuta, a observa\u00e7\u00e3o e o respeito \u00e0s diferentes formas de aprender s\u00e3o pilares centrais.<\/p>\n<p>&nbsp;<\/p>\n<h2>Como a Montale se inspirou nessa abordagem?<\/h2>\n<p>A Montale foi uma das primeiras escolas brasileiras a adotar os princ\u00edpios de Reggio Emilia, trazendo essa filosofia para o contexto local de forma profunda e comprometida. Os educadores passam por forma\u00e7\u00f5es cont\u00ednuas e os ambientes s\u00e3o pensados para provocar, acolher e ampliar as experi\u00eancias das crian\u00e7as.<\/p>\n<p>&nbsp;<\/p>\n<h2>Os princ\u00edpios de Reggio Emilia no cotidiano escolar<\/h2>\n<p>&nbsp;<\/p>\n<h3><strong>A escuta ativa<\/strong><\/h3>\n<p>Na Montale, a escuta vai al\u00e9m da fala. Observamos gestos, interesses, sil\u00eancios e intera\u00e7\u00f5es. Essa escuta orienta projetos e caminhos de aprendizagem.<\/p>\n<h3><strong>O ambiente como terceiro educador<\/strong><\/h3>\n<p>Nossos espa\u00e7os s\u00e3o planejados para inspirar descobertas. A disposi\u00e7\u00e3o dos materiais, a ilumina\u00e7\u00e3o e a organiza\u00e7\u00e3o refletem intencionalidade pedag\u00f3gica.<\/p>\n<h3><strong>Documenta\u00e7\u00e3o pedag\u00f3gica<\/strong><\/h3>\n<p>Fotos, falas e registros das crian\u00e7as comp\u00f5em a documenta\u00e7\u00e3o que permite acompanhar e refletir sobre os processos de aprendizagem.<\/p>\n<h3><strong>Projetos que nascem das crian\u00e7as<\/strong><\/h3>\n<p>As propostas n\u00e3o s\u00e3o prontas, mas constru\u00eddas com as crian\u00e7as, a partir de suas curiosidades, d\u00favidas e saberes.<\/p>\n<h4><\/h4>\n<h2>Mais do que uma metodologia, uma vis\u00e3o de inf\u00e2ncia<\/h2>\n<p>A abordagem Reggio Emilia n\u00e3o \u00e9 um m\u00e9todo com passos r\u00edgidos. \u00c9 uma filosofia viva, em constante evolu\u00e7\u00e3o. Na Montale, ela se traduz em uma escuta genu\u00edna da inf\u00e2ncia e no compromisso com uma educa\u00e7\u00e3o mais humana, criativa e consciente.<\/p>\n<h2>Quer conhecer essa abordagem de perto?<\/h2>\n<p>Se voc\u00ea busca uma escola que respeita os tempos da inf\u00e2ncia e valoriza o protagonismo das crian\u00e7as, venha conhecer a Montale. Nossos espa\u00e7os e propostas falam por si.<\/p>\n<p><a href=\"https:\/\/www.montale.com.br\/it\/matriculas\/\" target=\"_blank\" rel=\"noopener\">Quero conhecer!<\/a><\/p>\n<p><iframe title=\"REGGIO EMILIA NA PR\u00c1TICA | REGGIO EMILIA IN PRATICA\" width=\"540\" height=\"960\" src=\"https:\/\/www.youtube.com\/embed\/u7gfRjtf8Xg?feature=oembed\" frameborder=\"0\" allow=\"accelerometer; autoplay; clipboard-write; encrypted-media; gyroscope; picture-in-picture; web-share\" referrerpolicy=\"strict-origin-when-cross-origin\" allowfullscreen><\/iframe><\/p>","protected":false},"excerpt":{"rendered":"<p>Reggio Emilia na pr\u00e1tica: como os princ\u00edpios dessa abordagem est\u00e3o presentes no dia a dia da Montale &nbsp; Voc\u00ea j\u00e1 ouviu falar na abordagem Reggio Emilia, mas n\u00e3o sabe exatamente o que ela significa na pr\u00e1tica? Na Montale, essa inspira\u00e7\u00e3o pedag\u00f3gica est\u00e1 presente de forma concreta no cotidiano das crian\u00e7as \u2014 desde a organiza\u00e7\u00e3o dos [&hellip;]<\/p>","protected":false},"author":3,"featured_media":9433,"comment_status":"closed","ping_status":"closed","sticky":false,"template":"","format":"standard","meta":{"footnotes":""},"categories":[55],"tags":[56],"class_list":["post-9431","post","type-post","status-publish","format-standard","has-post-thumbnail","hentry","category-blog","tag-abordagem-reggio-emilia"],"_links":{"self":[{"href":"https:\/\/www.montale.com.br\/it\/wp-json\/wp\/v2\/posts\/9431","targetHints":{"allow":["GET"]}}],"collection":[{"href":"https:\/\/www.montale.com.br\/it\/wp-json\/wp\/v2\/posts"}],"about":[{"href":"https:\/\/www.montale.com.br\/it\/wp-json\/wp\/v2\/types\/post"}],"author":[{"embeddable":true,"href":"https:\/\/www.montale.com.br\/it\/wp-json\/wp\/v2\/users\/3"}],"replies":[{"embeddable":true,"href":"https:\/\/www.montale.com.br\/it\/wp-json\/wp\/v2\/comments?post=9431"}],"version-history":[{"count":6,"href":"https:\/\/www.montale.com.br\/it\/wp-json\/wp\/v2\/posts\/9431\/revisions"}],"predecessor-version":[{"id":9574,"href":"https:\/\/www.montale.com.br\/it\/wp-json\/wp\/v2\/posts\/9431\/revisions\/9574"}],"wp:featuredmedia":[{"embeddable":true,"href":"https:\/\/www.montale.com.br\/it\/wp-json\/wp\/v2\/media\/9433"}],"wp:attachment":[{"href":"https:\/\/www.montale.com.br\/it\/wp-json\/wp\/v2\/media?parent=9431"}],"wp:term":[{"taxonomy":"category","embeddable":true,"href":"https:\/\/www.montale.com.br\/it\/wp-json\/wp\/v2\/categories?post=9431"},{"taxonomy":"post_tag","embeddable":true,"href":"https:\/\/www.montale.com.br\/it\/wp-json\/wp\/v2\/tags?post=9431"}],"curies":[{"name":"wp","href":"https:\/\/api.w.org\/{rel}","templated":true}]}}