{"id":6799,"date":"2023-10-05T01:16:33","date_gmt":"2023-10-05T04:16:33","guid":{"rendered":"https:\/\/www.montale.com.br\/?p=6799"},"modified":"2023-10-05T01:16:33","modified_gmt":"2023-10-05T04:16:33","slug":"palestra-economia-criativa-design-e-sustentabilidade","status":"publish","type":"post","link":"https:\/\/www.montale.com.br\/it\/palestra-economia-criativa-design-e-sustentabilidade\/","title":{"rendered":"PALESTRA: ECONOMIA CRIATIVA \u2013 DESIGN E SUSTENTABILIDADE"},"content":{"rendered":"<p><strong>O ano de 2021 foi declarado o Ano Internacional da Economia Criativa para o Desenvolvimento Sustent\u00e1vel<\/strong>. A implementa\u00e7\u00e3o desse ano \u00e9 liderada pela Confer\u00eancia das Na\u00e7\u00f5es Unidas sobre Com\u00e9rcio e Desenvolvimento (UNCTAD), em consulta com a\u00a0<a href=\"http:\/\/portal.mec.gov.br\/encceja-2\/480-gabinete-do-ministro-1578890832\/assessoria-internacional-1377578466\/20747-unesco\">UNESCO<\/a>\u00a0e com outras ag\u00eancias das Na\u00e7\u00f5es Unidas.<\/p>\n<p><strong>A Eugenio Montale, membro das escolas associadas da UNESCO, est\u00e1 trabalhando nesse tema t\u00e3o importante com os alunos do III\u00a0<em>Liceo<\/em>\u00a0(2\u00ba ano do Ensino M\u00e9dio)<\/strong>, sob supervis\u00e3o da Prof\u00aa de Economia, Amanda Visani.<\/p>\n<p><strong>O projeto Economia Criativa trabalha os conceitos de consumo consciente<\/strong>, lixo, coleta seletiva, sustentabilidade, entre outros.\u00a0<strong>Destaca o poder da criatividade para a resili\u00eancia em tempos de pandemia<\/strong>, promover um ambiente favor\u00e1vel em todos os \u00e2mbitos, bem como para enfrentar os desafios da economia criativa.<\/p>\n<p>Acreditamos que os conceitos de\u00a0<em>design<\/em>\u00a0agregaram muito para a evolu\u00e7\u00e3o dessa atividade. Por isso,\u00a0<strong>a Eugenio Montale em parceira com o\u00a0<a href=\"https:\/\/ied.edu.br\/\">IED Brasil<\/a>, convidou o Prof\u00ba Christian Ullmann, especialista em\u00a0<em>design<\/em>\u00a0&amp; sustentabilidade, para ministrar uma palestra sobre Economia Criativa<\/strong>, com o objetivo de apresentar estudos, promover di\u00e1logos e sanar eventuais d\u00favidas sobre esse assunto t\u00e3o importante.<\/p>","protected":false},"excerpt":{"rendered":"<p>Neste s\u00e1bado, 24 de junho, foi um dia de muita festan\u00e7a!<br \/>\nPais, alunos e comunidade se reuniram para celebrar as tradi\u00e7\u00f5es juninas.<\/p>","protected":false},"author":3,"featured_media":6800,"comment_status":"open","ping_status":"open","sticky":false,"template":"","format":"standard","meta":{"footnotes":""},"categories":[1],"tags":[],"class_list":["post-6799","post","type-post","status-publish","format-standard","has-post-thumbnail","hentry","category-noticias"],"_links":{"self":[{"href":"https:\/\/www.montale.com.br\/it\/wp-json\/wp\/v2\/posts\/6799","targetHints":{"allow":["GET"]}}],"collection":[{"href":"https:\/\/www.montale.com.br\/it\/wp-json\/wp\/v2\/posts"}],"about":[{"href":"https:\/\/www.montale.com.br\/it\/wp-json\/wp\/v2\/types\/post"}],"author":[{"embeddable":true,"href":"https:\/\/www.montale.com.br\/it\/wp-json\/wp\/v2\/users\/3"}],"replies":[{"embeddable":true,"href":"https:\/\/www.montale.com.br\/it\/wp-json\/wp\/v2\/comments?post=6799"}],"version-history":[{"count":1,"href":"https:\/\/www.montale.com.br\/it\/wp-json\/wp\/v2\/posts\/6799\/revisions"}],"predecessor-version":[{"id":6801,"href":"https:\/\/www.montale.com.br\/it\/wp-json\/wp\/v2\/posts\/6799\/revisions\/6801"}],"wp:featuredmedia":[{"embeddable":true,"href":"https:\/\/www.montale.com.br\/it\/wp-json\/wp\/v2\/media\/6800"}],"wp:attachment":[{"href":"https:\/\/www.montale.com.br\/it\/wp-json\/wp\/v2\/media?parent=6799"}],"wp:term":[{"taxonomy":"category","embeddable":true,"href":"https:\/\/www.montale.com.br\/it\/wp-json\/wp\/v2\/categories?post=6799"},{"taxonomy":"post_tag","embeddable":true,"href":"https:\/\/www.montale.com.br\/it\/wp-json\/wp\/v2\/tags?post=6799"}],"curies":[{"name":"wp","href":"https:\/\/api.w.org\/{rel}","templated":true}]}}