{"id":6796,"date":"2023-10-05T01:14:43","date_gmt":"2023-10-05T04:14:43","guid":{"rendered":"https:\/\/www.montale.com.br\/?p=6796"},"modified":"2023-10-05T01:14:43","modified_gmt":"2023-10-05T04:14:43","slug":"a-importancia-da-orientacao-de-carreira-para-o-futuro-do-trabalho","status":"publish","type":"post","link":"https:\/\/www.montale.com.br\/it\/a-importancia-da-orientacao-de-carreira-para-o-futuro-do-trabalho\/","title":{"rendered":"A IMPORT\u00c2NCIA DA ORIENTA\u00c7\u00c3O DE CARREIRA PARA O FUTURO DO TRABALHO"},"content":{"rendered":"<p>Na Eugenio Montale, os\u00a0<strong>P<\/strong>ercursos para\u00a0<strong>C<\/strong>ompet\u00eancias\u00a0<strong>T<\/strong>ransversais e\u00a0<strong>O<\/strong>rienta\u00e7\u00e3o \u2013\u00a0PCTOs\u00a0<strong>representam uma oportunidade preciosa para crescer<\/strong>,\u00a0<strong>entender a<\/strong>\u00a0<strong>utilidade do curr\u00edculo<\/strong>, usar o que foi aprendido, mas tamb\u00e9m aprender mais, escolher e agir com responsabilidade.<\/p>\n<p>Numa perspectiva de \u201caprendizagem ao longo da vida\u201d, dando continuidade a esse processo educacional e de forma\u00e7\u00e3o, que permite aprimorar conhecimentos, habilidades e compet\u00eancias, numa perspectiva pessoal, c\u00edvica, social e ocupacional.<\/p>\n<p>Quanto \u00e0 orienta\u00e7\u00e3o,\u00a0<strong>na Eugenio Montale h\u00e1 professores que atuam como tutores espec\u00edficos<\/strong>\u00a0que, al\u00e9m de fornecer informa\u00e7\u00f5es completas sobre a oferta educacional de sua institui\u00e7\u00e3o,\u00a0<strong>organizam atividades de orienta\u00e7\u00e3o interna<\/strong>, colaborando com profissionais que atuam nessa \u00e1rea, para facilitar a aproxima\u00e7\u00e3o do aluno com o mundo do trabalho.<\/p>\n<p>Texto redigido pela Diretora Pedag\u00f3gica Italiana, Paola Capraro e Diretora Pedag\u00f3gica Brasileira, Vanessa Squassoni.<\/p>\n<p><img fetchpriority=\"high\" decoding=\"async\" class=\"aligncenter wp-image-6797 size-full\" src=\"https:\/\/www.montale.com.br\/wp-content\/uploads\/2023\/10\/A-IMPORTANCIA-DA-ORIENTACAO-DE-CARREIRA-PARA-O-FUTURO-DO-TRABALHO.jpg\" alt=\"\" width=\"464\" height=\"465\" srcset=\"https:\/\/www.montale.com.br\/wp-content\/uploads\/2023\/10\/A-IMPORTANCIA-DA-ORIENTACAO-DE-CARREIRA-PARA-O-FUTURO-DO-TRABALHO.jpg 464w, https:\/\/www.montale.com.br\/wp-content\/uploads\/2023\/10\/A-IMPORTANCIA-DA-ORIENTACAO-DE-CARREIRA-PARA-O-FUTURO-DO-TRABALHO-300x300.jpg 300w, https:\/\/www.montale.com.br\/wp-content\/uploads\/2023\/10\/A-IMPORTANCIA-DA-ORIENTACAO-DE-CARREIRA-PARA-O-FUTURO-DO-TRABALHO-150x150.jpg 150w, https:\/\/www.montale.com.br\/wp-content\/uploads\/2023\/10\/A-IMPORTANCIA-DA-ORIENTACAO-DE-CARREIRA-PARA-O-FUTURO-DO-TRABALHO-12x12.jpg 12w\" sizes=\"(max-width: 464px) 100vw, 464px\" \/><\/p>","protected":false},"excerpt":{"rendered":"<p>Neste s\u00e1bado, 24 de junho, foi um dia de muita festan\u00e7a!<br \/>\nPais, alunos e comunidade se reuniram para celebrar as tradi\u00e7\u00f5es juninas.<\/p>","protected":false},"author":3,"featured_media":6797,"comment_status":"open","ping_status":"open","sticky":false,"template":"","format":"standard","meta":{"footnotes":""},"categories":[1],"tags":[],"class_list":["post-6796","post","type-post","status-publish","format-standard","has-post-thumbnail","hentry","category-noticias"],"_links":{"self":[{"href":"https:\/\/www.montale.com.br\/it\/wp-json\/wp\/v2\/posts\/6796","targetHints":{"allow":["GET"]}}],"collection":[{"href":"https:\/\/www.montale.com.br\/it\/wp-json\/wp\/v2\/posts"}],"about":[{"href":"https:\/\/www.montale.com.br\/it\/wp-json\/wp\/v2\/types\/post"}],"author":[{"embeddable":true,"href":"https:\/\/www.montale.com.br\/it\/wp-json\/wp\/v2\/users\/3"}],"replies":[{"embeddable":true,"href":"https:\/\/www.montale.com.br\/it\/wp-json\/wp\/v2\/comments?post=6796"}],"version-history":[{"count":1,"href":"https:\/\/www.montale.com.br\/it\/wp-json\/wp\/v2\/posts\/6796\/revisions"}],"predecessor-version":[{"id":6798,"href":"https:\/\/www.montale.com.br\/it\/wp-json\/wp\/v2\/posts\/6796\/revisions\/6798"}],"wp:featuredmedia":[{"embeddable":true,"href":"https:\/\/www.montale.com.br\/it\/wp-json\/wp\/v2\/media\/6797"}],"wp:attachment":[{"href":"https:\/\/www.montale.com.br\/it\/wp-json\/wp\/v2\/media?parent=6796"}],"wp:term":[{"taxonomy":"category","embeddable":true,"href":"https:\/\/www.montale.com.br\/it\/wp-json\/wp\/v2\/categories?post=6796"},{"taxonomy":"post_tag","embeddable":true,"href":"https:\/\/www.montale.com.br\/it\/wp-json\/wp\/v2\/tags?post=6796"}],"curies":[{"name":"wp","href":"https:\/\/api.w.org\/{rel}","templated":true}]}}