{"id":6780,"date":"2023-10-05T01:06:02","date_gmt":"2023-10-05T04:06:02","guid":{"rendered":"https:\/\/www.montale.com.br\/?p=6780"},"modified":"2023-10-05T01:12:18","modified_gmt":"2023-10-05T04:12:18","slug":"primeiro-encontro-entre-a-scuola-dellinfanzia-e-i-primaria-2021","status":"publish","type":"post","link":"https:\/\/www.montale.com.br\/it\/primeiro-encontro-entre-a-scuola-dellinfanzia-e-i-primaria-2021\/","title":{"rendered":"PRIMEIRO ENCONTRO ENTRE A SCUOLA DELL\u2019INFANZIA E I PRIMARIA 2021"},"content":{"rendered":"<div data-elementor-type=\"wp-post\" data-elementor-id=\"6780\" class=\"elementor elementor-6780\" data-elementor-post-type=\"post\">\n\t\t\t\t\t\t\t        <section class=\"elementor-section elementor-top-section elementor-element elementor-element-54849ecf elementor-section-boxed elementor-section-height-default elementor-section-height-default ct-header-fixed-none ct-row-max-none\" data-id=\"54849ecf\" data-element_type=\"section\">\n            \n                        <div class=\"elementor-container elementor-column-gap-default\">\n                    <div class=\"elementor-column elementor-col-100 elementor-top-column elementor-element elementor-element-6225634f\" data-id=\"6225634f\" data-element_type=\"column\">\n            <div class=\"elementor-widget-wrap elementor-element-populated\">\n                        \t\t<div class=\"elementor-element elementor-element-4f358d88 elementor-widget elementor-widget-text-editor\" data-id=\"4f358d88\" data-element_type=\"widget\" data-widget_type=\"text-editor.default\">\n\t\t\t\t<div class=\"elementor-widget-container\">\n\t\t\t<style>\/*! elementor - v3.18.0 - 04-12-2023 *\/\n.elementor-widget-text-editor.elementor-drop-cap-view-stacked .elementor-drop-cap{background-color:#69727d;color:#fff}.elementor-widget-text-editor.elementor-drop-cap-view-framed .elementor-drop-cap{color:#69727d;border:3px solid;background-color:transparent}.elementor-widget-text-editor:not(.elementor-drop-cap-view-default) .elementor-drop-cap{margin-top:8px}.elementor-widget-text-editor:not(.elementor-drop-cap-view-default) .elementor-drop-cap-letter{width:1em;height:1em}.elementor-widget-text-editor .elementor-drop-cap{float:left;text-align:center;line-height:1;font-size:50px}.elementor-widget-text-editor .elementor-drop-cap-letter{display:inline-block}<\/style>\t\t\t\t<article id=\"post-7220\" class=\"post-7220 post type-post status-publish format-standard has-post-thumbnail hentry category-noticias tag-associazione-italia-per-san-paolo tag-cultura-italiana tag-curso-de-italiano tag-estudar-italiano\">\n<div class=\"entry-content ztl-single\">\n<p style=\"box-sizing: inherit; margin-bottom: 1.5rem; border: 0px; font-family: Lato, sans-serif; outline: 0px; vertical-align: baseline; color: #545454;\"><span style=\"box-sizing: inherit; border: 0px; font-family: arial, helvetica, sans-serif; font-style: inherit; font-weight: inherit; outline: 0px; vertical-align: baseline;\">Os alunos do IV&nbsp;<em style=\"box-sizing: inherit; border: 0px; font-family: inherit; font-weight: inherit; outline: 0px; vertical-align: baseline;\">Liceo<\/em>&nbsp;(Ensino M\u00e9dio) da&nbsp;<em style=\"box-sizing: inherit; border: 0px; font-family: inherit; font-weight: inherit; outline: 0px; vertical-align: baseline;\">Scuola<\/em>&nbsp;Eugenio Montale deram continuidade aos trabalhos j\u00e1 realizados pelo III&nbsp;<em style=\"box-sizing: inherit; border: 0px; font-family: inherit; font-weight: inherit; outline: 0px; vertical-align: baseline;\">Liceo<\/em>&nbsp;e apresentaram para&nbsp;<em style=\"box-sizing: inherit; border: 0px; font-family: inherit; font-weight: inherit; outline: 0px; vertical-align: baseline;\">Banca d\u2019Italia<\/em>&nbsp;(Banco Central da It\u00e1lia) os trabalhos do Projeto Capacita\u00e7\u00e3o e Orienta\u00e7\u00e3o Transversal (PCTO).<\/span><\/p>\n<p><\/p>\n<p style=\"box-sizing: inherit; margin-bottom: 1.5rem; border: 0px; font-family: Lato, sans-serif; outline: 0px; vertical-align: baseline; color: #545454;\"><span style=\"box-sizing: inherit; border: 0px; font-family: arial, helvetica, sans-serif; font-style: inherit; font-weight: inherit; outline: 0px; vertical-align: baseline;\">Sob a orienta\u00e7\u00e3o do grupo docente, os alunos fizeram reflex\u00f5es sobre a import\u00e2ncia da educa\u00e7\u00e3o financeira; mencionando que a falta de conscientiza\u00e7\u00e3o sobre o valor do dinheiro desde a inf\u00e2ncia pode implicar em gastos desnecess\u00e1rios e h\u00e1bitos de consumo exagerados.<\/span><\/p>\n<p style=\"box-sizing: inherit; margin-bottom: 1.5rem; border: 0px; font-family: Lato, sans-serif; outline: 0px; vertical-align: baseline; color: #545454;\"><span style=\"box-sizing: inherit; border: 0px; font-family: arial, helvetica, sans-serif; font-style: inherit; font-weight: inherit; outline: 0px; vertical-align: baseline;\">Mostraram atrav\u00e9s de v\u00eddeos e anima\u00e7\u00f5es que os pais s\u00e3o fundamentais na forma\u00e7\u00e3o de cidad\u00e3os cientes de seu papel no desenvolvimento econ\u00f4mico e social do pa\u00eds.<\/span><\/p>\n<p style=\"box-sizing: inherit; margin-bottom: 1.5rem; border: 0px; font-family: Lato, sans-serif; outline: 0px; vertical-align: baseline; color: #545454;\"><span style=\"box-sizing: inherit; border: 0px; font-family: arial, helvetica, sans-serif; font-style: inherit; font-weight: inherit; outline: 0px; vertical-align: baseline;\">Os v\u00eddeos preparados pelos alunos ser\u00e3o apresentados para outras classes da Escola. Essa atividade faz parte da grade curricular, trabalhada de forma transversal, ou seja, nas disciplinas j\u00e1 existentes.<\/span><\/p>\n<p style=\"box-sizing: inherit; margin-bottom: 1.5rem; border: 0px; font-family: Lato, sans-serif; outline: 0px; vertical-align: baseline; color: #545454;\"><span style=\"box-sizing: inherit; border: 0px; font-family: arial, helvetica, sans-serif; font-style: inherit; font-weight: inherit; outline: 0px; vertical-align: baseline;\">A Eugenio Montale foi a primeira escola internacional italiana no exterior a ter aderido ao projeto&nbsp;<em style=\"box-sizing: inherit; border: 0px; font-family: inherit; font-weight: inherit; outline: 0px; vertical-align: baseline;\">Percorso per le competenze trasversali e per l\u2019orientamento<\/em>&nbsp;(Capacita\u00e7\u00e3o e Orienta\u00e7\u00e3o Transversal) oferecido at\u00e9 ent\u00e3o somente para alunos das escolas da It\u00e1lia, atrav\u00e9s da&nbsp;<em style=\"box-sizing: inherit; border: 0px; font-family: inherit; font-weight: inherit; outline: 0px; vertical-align: baseline;\">Banca d\u2019Italia<\/em>&nbsp;(Banco Central da It\u00e1lia).<\/span><\/p>\n<p style=\"box-sizing: inherit; margin-bottom: 1.5rem; border: 0px; font-family: Lato, sans-serif; outline: 0px; vertical-align: baseline; color: #545454;\"><span style=\"box-sizing: inherit; border: 0px; font-family: arial, helvetica, sans-serif; font-style: inherit; font-weight: inherit; outline: 0px; vertical-align: baseline;\">A Escola assinou com exclusividade uma conven\u00e7\u00e3o com a&nbsp;<em style=\"box-sizing: inherit; border: 0px; font-family: inherit; font-weight: inherit; outline: 0px; vertical-align: baseline;\">Banca d\u2019Italia<\/em>&nbsp;(Banco Central da It\u00e1lia) com base no acordo com o&nbsp;<em style=\"box-sizing: inherit; border: 0px; font-family: inherit; font-weight: inherit; outline: 0px; vertical-align: baseline;\">Ministero dell\u2019Istruzione, dell\u2019Universit\u00e0 e della Ricerca<\/em>&nbsp;(MIUR), com o objetivo de aproximar os alunos do&nbsp;<em style=\"box-sizing: inherit; border: 0px; font-family: inherit; font-weight: inherit; outline: 0px; vertical-align: baseline;\">Liceo<\/em>&nbsp;(Ensino M\u00e9dio) ao mundo do trabalho e das organiza\u00e7\u00f5es, a fim de estimular habilidades, trabalhar em equipe e ofertar aos estudantes informa\u00e7\u00f5es sobre o mercado de trabalho, que v\u00e3o al\u00e9m dos estudos te\u00f3ricos, para prepar\u00e1-los para enfrentar situa\u00e7\u00f5es pr\u00e1ticas da vida profissional.<\/span><\/p>\n<p style=\"box-sizing: inherit; margin-bottom: 1.5rem; border: 0px; font-family: Lato, sans-serif; outline: 0px; vertical-align: baseline; color: #545454;\"><span style=\"box-sizing: inherit; border: 0px; font-family: arial, helvetica, sans-serif; font-style: inherit; font-weight: inherit; outline: 0px; vertical-align: baseline;\">A iniciativa contou com a colabora\u00e7\u00e3o do Consulado Geral da It\u00e1lia em S\u00e3o Paulo atrav\u00e9s do C\u00f4nsul Geral da It\u00e1lia em S\u00e3o Paulo, Sr. Filippo La Rosa, e da Dirigente&nbsp;<em style=\"box-sizing: inherit; border: 0px; font-family: inherit; font-weight: inherit; outline: 0px; vertical-align: baseline;\">Scolastica<\/em>, Monica Faggionato.<\/span><\/p>\n<p style=\"box-sizing: inherit; border: 0px; font-family: Lato, sans-serif; outline: 0px; vertical-align: baseline; color: #545454;\"><span style=\"box-sizing: inherit; border: 0px; font-family: arial, helvetica, sans-serif; font-style: inherit; font-weight: inherit; outline: 0px; vertical-align: baseline;\">A Eugenio Montale parabeniza os alunos pela dedica\u00e7\u00e3o nesse projeto e pela excelente apresenta\u00e7\u00e3o!<\/span><\/p><p style=\"box-sizing: inherit; border: 0px; font-family: Lato, sans-serif; outline: 0px; vertical-align: baseline; color: #545454;\"><span style=\"box-sizing: inherit; border: 0px; font-family: arial, helvetica, sans-serif; font-style: inherit; font-weight: inherit; outline: 0px; vertical-align: baseline;\"><br><\/span><\/p>\n<\/div>\n<\/article>\n<nav class=\"navigation post-navigation\"><\/nav>\t\t\t\t\t\t<\/div>\n\t\t\t\t<\/div>\n\t\t\t\t<div class=\"elementor-element elementor-element-e9fd71c elementor-pagination-position-outside elementor-widget elementor-widget-image-carousel\" data-id=\"e9fd71c\" data-element_type=\"widget\" data-settings=\"{&quot;slides_to_show&quot;:&quot;1&quot;,&quot;navigation&quot;:&quot;dots&quot;,&quot;autoplay&quot;:&quot;yes&quot;,&quot;pause_on_hover&quot;:&quot;yes&quot;,&quot;pause_on_interaction&quot;:&quot;yes&quot;,&quot;autoplay_speed&quot;:5000,&quot;infinite&quot;:&quot;yes&quot;,&quot;effect&quot;:&quot;slide&quot;,&quot;speed&quot;:500}\" data-widget_type=\"image-carousel.default\">\n\t\t\t\t<div class=\"elementor-widget-container\">\n\t\t\t<style>\/*! elementor - v3.18.0 - 04-12-2023 *\/\n.elementor-widget-image-carousel .swiper,.elementor-widget-image-carousel .swiper-container{position:static}.elementor-widget-image-carousel .swiper-container .swiper-slide figure,.elementor-widget-image-carousel .swiper .swiper-slide figure{line-height:inherit}.elementor-widget-image-carousel .swiper-slide{text-align:center}.elementor-image-carousel-wrapper:not(.swiper-container-initialized):not(.swiper-initialized) .swiper-slide{max-width:calc(100% \/ var(--e-image-carousel-slides-to-show, 3))}<\/style>\t\t<div class=\"elementor-image-carousel-wrapper swiper\" dir=\"ltr\">\n\t\t\t<div class=\"elementor-image-carousel swiper-wrapper\" aria-live=\"off\">\n\t\t\t\t\t\t\t\t<div class=\"swiper-slide\" role=\"group\" aria-roledescription=\"slide\" aria-label=\"1 di 6\"><a data-elementor-open-lightbox=\"yes\" data-elementor-lightbox-slideshow=\"e9fd71c\" data-elementor-lightbox-title=\"3-encontro-1024x1024\" data-e-action-hash=\"#elementor-action%3Aaction%3Dlightbox%26settings%3DeyJpZCI6Njc4NCwidXJsIjoiaHR0cHM6XC9cL3d3dy5tb250YWxlLmNvbS5iclwvd3AtY29udGVudFwvdXBsb2Fkc1wvMjAyM1wvMTBcLzMtZW5jb250cm8tMTAyNHgxMDI0LTEuanBnIiwic2xpZGVzaG93IjoiZTlmZDcxYyJ9\" href=\"https:\/\/www.montale.com.br\/wp-content\/uploads\/2023\/10\/3-encontro-1024x1024-1.jpg\"><figure class=\"swiper-slide-inner\"><img decoding=\"async\" class=\"swiper-slide-image\" src=\"https:\/\/www.montale.com.br\/wp-content\/uploads\/2023\/10\/3-encontro-1024x1024-1-600x600.jpg\" alt=\"3-encontro-1024x1024\" \/><\/figure><\/a><\/div><div class=\"swiper-slide\" role=\"group\" aria-roledescription=\"slide\" aria-label=\"2 di 6\"><a data-elementor-open-lightbox=\"yes\" data-elementor-lightbox-slideshow=\"e9fd71c\" data-elementor-lightbox-title=\"4-encontro-1024x1024\" data-e-action-hash=\"#elementor-action%3Aaction%3Dlightbox%26settings%3DeyJpZCI6Njc4NSwidXJsIjoiaHR0cHM6XC9cL3d3dy5tb250YWxlLmNvbS5iclwvd3AtY29udGVudFwvdXBsb2Fkc1wvMjAyM1wvMTBcLzQtZW5jb250cm8tMTAyNHgxMDI0LTEuanBnIiwic2xpZGVzaG93IjoiZTlmZDcxYyJ9\" href=\"https:\/\/www.montale.com.br\/wp-content\/uploads\/2023\/10\/4-encontro-1024x1024-1.jpg\"><figure class=\"swiper-slide-inner\"><img decoding=\"async\" class=\"swiper-slide-image\" src=\"https:\/\/www.montale.com.br\/wp-content\/uploads\/2023\/10\/4-encontro-1024x1024-1-600x600.jpg\" alt=\"4-encontro-1024x1024\" \/><\/figure><\/a><\/div><div class=\"swiper-slide\" role=\"group\" aria-roledescription=\"slide\" aria-label=\"3 di 6\"><a data-elementor-open-lightbox=\"yes\" data-elementor-lightbox-slideshow=\"e9fd71c\" data-elementor-lightbox-title=\"5-encontro-1024x1024\" data-e-action-hash=\"#elementor-action%3Aaction%3Dlightbox%26settings%3DeyJpZCI6Njc4NiwidXJsIjoiaHR0cHM6XC9cL3d3dy5tb250YWxlLmNvbS5iclwvd3AtY29udGVudFwvdXBsb2Fkc1wvMjAyM1wvMTBcLzUtZW5jb250cm8tMTAyNHgxMDI0LTEuanBnIiwic2xpZGVzaG93IjoiZTlmZDcxYyJ9\" href=\"https:\/\/www.montale.com.br\/wp-content\/uploads\/2023\/10\/5-encontro-1024x1024-1.jpg\"><figure class=\"swiper-slide-inner\"><img decoding=\"async\" class=\"swiper-slide-image\" src=\"https:\/\/www.montale.com.br\/wp-content\/uploads\/2023\/10\/5-encontro-1024x1024-1-600x600.jpg\" alt=\"5-encontro-1024x1024\" \/><\/figure><\/a><\/div><div class=\"swiper-slide\" role=\"group\" aria-roledescription=\"slide\" aria-label=\"4 di 6\"><a data-elementor-open-lightbox=\"yes\" data-elementor-lightbox-slideshow=\"e9fd71c\" data-elementor-lightbox-title=\"6-encontro-1024x1024\" data-e-action-hash=\"#elementor-action%3Aaction%3Dlightbox%26settings%3DeyJpZCI6Njc4NywidXJsIjoiaHR0cHM6XC9cL3d3dy5tb250YWxlLmNvbS5iclwvd3AtY29udGVudFwvdXBsb2Fkc1wvMjAyM1wvMTBcLzYtZW5jb250cm8tMTAyNHgxMDI0LTEuanBnIiwic2xpZGVzaG93IjoiZTlmZDcxYyJ9\" href=\"https:\/\/www.montale.com.br\/wp-content\/uploads\/2023\/10\/6-encontro-1024x1024-1.jpg\"><figure class=\"swiper-slide-inner\"><img decoding=\"async\" class=\"swiper-slide-image\" src=\"https:\/\/www.montale.com.br\/wp-content\/uploads\/2023\/10\/6-encontro-1024x1024-1-600x600.jpg\" alt=\"6-encontro-1024x1024\" \/><\/figure><\/a><\/div><div class=\"swiper-slide\" role=\"group\" aria-roledescription=\"slide\" aria-label=\"5 di 6\"><a data-elementor-open-lightbox=\"yes\" data-elementor-lightbox-slideshow=\"e9fd71c\" data-elementor-lightbox-title=\"7-encontro-1024x1024\" data-e-action-hash=\"#elementor-action%3Aaction%3Dlightbox%26settings%3DeyJpZCI6Njc4OCwidXJsIjoiaHR0cHM6XC9cL3d3dy5tb250YWxlLmNvbS5iclwvd3AtY29udGVudFwvdXBsb2Fkc1wvMjAyM1wvMTBcLzctZW5jb250cm8tMTAyNHgxMDI0LTEuanBnIiwic2xpZGVzaG93IjoiZTlmZDcxYyJ9\" href=\"https:\/\/www.montale.com.br\/wp-content\/uploads\/2023\/10\/7-encontro-1024x1024-1.jpg\"><figure class=\"swiper-slide-inner\"><img decoding=\"async\" class=\"swiper-slide-image\" src=\"https:\/\/www.montale.com.br\/wp-content\/uploads\/2023\/10\/7-encontro-1024x1024-1-600x600.jpg\" alt=\"7-encontro-1024x1024\" \/><\/figure><\/a><\/div><div class=\"swiper-slide\" role=\"group\" aria-roledescription=\"slide\" aria-label=\"6 di 6\"><a data-elementor-open-lightbox=\"yes\" data-elementor-lightbox-slideshow=\"e9fd71c\" data-elementor-lightbox-title=\"8-encontro-1024x1024\" data-e-action-hash=\"#elementor-action%3Aaction%3Dlightbox%26settings%3DeyJpZCI6Njc4OSwidXJsIjoiaHR0cHM6XC9cL3d3dy5tb250YWxlLmNvbS5iclwvd3AtY29udGVudFwvdXBsb2Fkc1wvMjAyM1wvMTBcLzgtZW5jb250cm8tMTAyNHgxMDI0LTEuanBnIiwic2xpZGVzaG93IjoiZTlmZDcxYyJ9\" href=\"https:\/\/www.montale.com.br\/wp-content\/uploads\/2023\/10\/8-encontro-1024x1024-1.jpg\"><figure class=\"swiper-slide-inner\"><img decoding=\"async\" class=\"swiper-slide-image\" src=\"https:\/\/www.montale.com.br\/wp-content\/uploads\/2023\/10\/8-encontro-1024x1024-1-600x600.jpg\" alt=\"8-encontro-1024x1024\" \/><\/figure><\/a><\/div>\t\t\t<\/div>\n\t\t\t\t\t\t\t\n\t\t\t\t\t\t\t\t\t<div class=\"swiper-pagination\"><\/div>\n\t\t\t\t\t\t\t\t\t<\/div>\n\t\t\t\t<\/div>\n\t\t\t\t<\/div>\n\t\t            <\/div>\n        <\/div>\n                            <\/div>\n        <\/section>\n        \t\t\t\t\t<\/div>","protected":false},"excerpt":{"rendered":"<p>Neste s\u00e1bado, 24 de junho, foi um dia de muita festan\u00e7a!<br \/>\nPais, alunos e comunidade se reuniram para celebrar as tradi\u00e7\u00f5es juninas.<\/p>","protected":false},"author":3,"featured_media":6781,"comment_status":"open","ping_status":"open","sticky":false,"template":"","format":"standard","meta":{"footnotes":""},"categories":[1],"tags":[],"class_list":["post-6780","post","type-post","status-publish","format-standard","has-post-thumbnail","hentry","category-noticias"],"_links":{"self":[{"href":"https:\/\/www.montale.com.br\/it\/wp-json\/wp\/v2\/posts\/6780","targetHints":{"allow":["GET"]}}],"collection":[{"href":"https:\/\/www.montale.com.br\/it\/wp-json\/wp\/v2\/posts"}],"about":[{"href":"https:\/\/www.montale.com.br\/it\/wp-json\/wp\/v2\/types\/post"}],"author":[{"embeddable":true,"href":"https:\/\/www.montale.com.br\/it\/wp-json\/wp\/v2\/users\/3"}],"replies":[{"embeddable":true,"href":"https:\/\/www.montale.com.br\/it\/wp-json\/wp\/v2\/comments?post=6780"}],"version-history":[{"count":7,"href":"https:\/\/www.montale.com.br\/it\/wp-json\/wp\/v2\/posts\/6780\/revisions"}],"predecessor-version":[{"id":6795,"href":"https:\/\/www.montale.com.br\/it\/wp-json\/wp\/v2\/posts\/6780\/revisions\/6795"}],"wp:featuredmedia":[{"embeddable":true,"href":"https:\/\/www.montale.com.br\/it\/wp-json\/wp\/v2\/media\/6781"}],"wp:attachment":[{"href":"https:\/\/www.montale.com.br\/it\/wp-json\/wp\/v2\/media?parent=6780"}],"wp:term":[{"taxonomy":"category","embeddable":true,"href":"https:\/\/www.montale.com.br\/it\/wp-json\/wp\/v2\/categories?post=6780"},{"taxonomy":"post_tag","embeddable":true,"href":"https:\/\/www.montale.com.br\/it\/wp-json\/wp\/v2\/tags?post=6780"}],"curies":[{"name":"wp","href":"https:\/\/api.w.org\/{rel}","templated":true}]}}