{"id":6775,"date":"2023-10-05T00:57:32","date_gmt":"2023-10-05T03:57:32","guid":{"rendered":"https:\/\/www.montale.com.br\/?p=6775"},"modified":"2023-10-05T00:57:32","modified_gmt":"2023-10-05T03:57:32","slug":"prefeitura-de-itu-visita-a-eugenio-montale-escola-internacional-em-sao-paulo","status":"publish","type":"post","link":"https:\/\/www.montale.com.br\/it\/prefeitura-de-itu-visita-a-eugenio-montale-escola-internacional-em-sao-paulo\/","title":{"rendered":"PREFEITURA DE ITU VISITA A EUGENIO MONTALE, ESCOLA INTERNACIONAL EM S\u00c3O PAULO"},"content":{"rendered":"<p>Uma comitiva da Prefeitura de Itu esteve na Eugenio Montale, na \u00faltima ter\u00e7a-feira (14\/09), com o intuito de conhecer presencialmente novas propostas pedag\u00f3gicas, a filosofia de\u00a0<em>Reggio Emilia<\/em>\u00a0e o ensino internacional italiano, para que possam agregar ao sistema de ensino aplicado pela Secretaria de Educa\u00e7\u00e3o de Itu.<\/p>\n<p>O encontro contou com a presen\u00e7a do c\u00f4nsul geral da It\u00e1lia em S\u00e3o Paulo, Sr. Filippo La Rosa, e a dirigente escol\u00e1stica italiana, Monica Faggionato.<\/p>\n<p>A comitiva ituana estava constitu\u00edda pela secret\u00e1ria adjunta de Educa\u00e7\u00e3o, S\u00edlvia S\u00f3rio, que na oportunidade representou o secret\u00e1rio da pasta, Pl\u00ednio Bernardi Junior, pela secret\u00e1ria municipal de Cultura e do Patrim\u00f4nio Hist\u00f3rico, Mait\u00ea Velho, pela diretora do Departamento de Educa\u00e7\u00e3o Infantil, Estela Bresciani, pelo diretor de Patrim\u00f4nio Hist\u00f3rico, Emerson Castilho, e pela coordenadora do Patrim\u00f4nio e orientadora do Centro Ituano de Letras e Artes (CILA), Morgana Ribeiro.<\/p>\n<p>Entre os representantes da escola que recepcionaram a comitiva ituana estavam a presidente Sandra Papaiz Velasco, a diretora pedag\u00f3gica italiana, Paola Capraro, a diretora pedag\u00f3gica brasileira, Vanessa Squassoni, o coordenador pedag\u00f3gico da\u00a0<em>Sc. Sec. di I e II Grado<\/em>, Fabio Pizzighello, o diretor administrativo financeiro, Lorenzo Gemma e a Rela\u00e7\u00f5es Institucionais e Marketing, Neide Oliveira.<\/p>\n<p>Paola explicou \u00e0 comitiva ituana que, segundo a filosofia da\u00a0<em>Scuola<\/em>\u00a0Italiana Eugenio Montale,\u00a0<strong>a crian\u00e7a \u00e9 um ser competente, curioso, que cria a pr\u00f3pria hip\u00f3tese de mundo, interage, experimenta e inventa. A crian\u00e7a, ressaltou, \u00e9 protagonista do pr\u00f3prio processo de conhecimento e o professor \u00e9 o mediador, que provoca, que cria um ambiente favor\u00e1vel \u00e0 aprendizagem.<\/strong>\u00a0E acrescentou que a escola \u00e9 vista como lugar de pesquisa e constru\u00e7\u00e3o de saber.<\/p>\n<p>A secret\u00e1ria adjunta de Educa\u00e7\u00e3o afirmou que estar presente \u00e0quele encontro em que experi\u00eancias estavam sendo partilhadas representava, para ela, um momento \u00fanico.<\/p>\n<p>Outros encontros devem ser promovidos, com o objetivo de intensificar a troca de experi\u00eancias entre a atual administra\u00e7\u00e3o p\u00fablica de Itu e a Montale.<\/p>\n<p><img fetchpriority=\"high\" decoding=\"async\" class=\"aligncenter wp-image-6776 size-large\" src=\"https:\/\/www.montale.com.br\/wp-content\/uploads\/2023\/10\/PREFEITURA-DE-ITU-VISITA-A-EUGENIO-MONTALE-ESCOLA-INTERNACIONAL-EM-SAO-PAULO-1024x583.jpg\" alt=\"\" width=\"640\" height=\"364\" srcset=\"https:\/\/www.montale.com.br\/wp-content\/uploads\/2023\/10\/PREFEITURA-DE-ITU-VISITA-A-EUGENIO-MONTALE-ESCOLA-INTERNACIONAL-EM-SAO-PAULO-1024x583.jpg 1024w, https:\/\/www.montale.com.br\/wp-content\/uploads\/2023\/10\/PREFEITURA-DE-ITU-VISITA-A-EUGENIO-MONTALE-ESCOLA-INTERNACIONAL-EM-SAO-PAULO-300x171.jpg 300w, https:\/\/www.montale.com.br\/wp-content\/uploads\/2023\/10\/PREFEITURA-DE-ITU-VISITA-A-EUGENIO-MONTALE-ESCOLA-INTERNACIONAL-EM-SAO-PAULO-768x437.jpg 768w, https:\/\/www.montale.com.br\/wp-content\/uploads\/2023\/10\/PREFEITURA-DE-ITU-VISITA-A-EUGENIO-MONTALE-ESCOLA-INTERNACIONAL-EM-SAO-PAULO-1536x874.jpg 1536w, https:\/\/www.montale.com.br\/wp-content\/uploads\/2023\/10\/PREFEITURA-DE-ITU-VISITA-A-EUGENIO-MONTALE-ESCOLA-INTERNACIONAL-EM-SAO-PAULO-2048x1166.jpg 2048w, https:\/\/www.montale.com.br\/wp-content\/uploads\/2023\/10\/PREFEITURA-DE-ITU-VISITA-A-EUGENIO-MONTALE-ESCOLA-INTERNACIONAL-EM-SAO-PAULO-18x10.jpg 18w, https:\/\/www.montale.com.br\/wp-content\/uploads\/2023\/10\/PREFEITURA-DE-ITU-VISITA-A-EUGENIO-MONTALE-ESCOLA-INTERNACIONAL-EM-SAO-PAULO-600x342.jpg 600w\" sizes=\"(max-width: 640px) 100vw, 640px\" \/><\/p>","protected":false},"excerpt":{"rendered":"<p>Neste s\u00e1bado, 24 de junho, foi um dia de muita festan\u00e7a!<br \/>\nPais, alunos e comunidade se reuniram para celebrar as tradi\u00e7\u00f5es juninas.<\/p>","protected":false},"author":3,"featured_media":6772,"comment_status":"open","ping_status":"open","sticky":false,"template":"","format":"standard","meta":{"footnotes":""},"categories":[1],"tags":[],"class_list":["post-6775","post","type-post","status-publish","format-standard","has-post-thumbnail","hentry","category-noticias"],"_links":{"self":[{"href":"https:\/\/www.montale.com.br\/it\/wp-json\/wp\/v2\/posts\/6775","targetHints":{"allow":["GET"]}}],"collection":[{"href":"https:\/\/www.montale.com.br\/it\/wp-json\/wp\/v2\/posts"}],"about":[{"href":"https:\/\/www.montale.com.br\/it\/wp-json\/wp\/v2\/types\/post"}],"author":[{"embeddable":true,"href":"https:\/\/www.montale.com.br\/it\/wp-json\/wp\/v2\/users\/3"}],"replies":[{"embeddable":true,"href":"https:\/\/www.montale.com.br\/it\/wp-json\/wp\/v2\/comments?post=6775"}],"version-history":[{"count":1,"href":"https:\/\/www.montale.com.br\/it\/wp-json\/wp\/v2\/posts\/6775\/revisions"}],"predecessor-version":[{"id":6777,"href":"https:\/\/www.montale.com.br\/it\/wp-json\/wp\/v2\/posts\/6775\/revisions\/6777"}],"wp:featuredmedia":[{"embeddable":true,"href":"https:\/\/www.montale.com.br\/it\/wp-json\/wp\/v2\/media\/6772"}],"wp:attachment":[{"href":"https:\/\/www.montale.com.br\/it\/wp-json\/wp\/v2\/media?parent=6775"}],"wp:term":[{"taxonomy":"category","embeddable":true,"href":"https:\/\/www.montale.com.br\/it\/wp-json\/wp\/v2\/categories?post=6775"},{"taxonomy":"post_tag","embeddable":true,"href":"https:\/\/www.montale.com.br\/it\/wp-json\/wp\/v2\/tags?post=6775"}],"curies":[{"name":"wp","href":"https:\/\/api.w.org\/{rel}","templated":true}]}}